{"id":703,"date":"2019-07-15T20:26:17","date_gmt":"2019-07-15T20:26:17","guid":{"rendered":"http:\/\/www.iesmgkorreas.com\/xxiiireunioncientificajaraiz\/?p=703"},"modified":"2019-07-15T20:31:42","modified_gmt":"2019-07-15T20:31:42","slug":"ponencia-12","status":"publish","type":"post","link":"https:\/\/iesmgkorreas.com\/xxiiireunioncientifica2024\/index.php\/2019\/07\/15\/ponencia-12\/","title":{"rendered":"Ponencia 12"},"content":{"rendered":"<p>Esto del ruido no es problema exclusivo de las aulas TEA. Tampoco es solamente\u00a0 una cuesti\u00f3n de decibelios. Adem\u00e1s,\u00a0 me temo que el problema afecta a\u00a0 todos los \u00e1mbitos de nuestra nuestra existencia. Parece que hoy d\u00eda el ruido es el mensaje, lo que verdaderamente importa,\u00a0 y hay que difundirlo de la manera m\u00e1s sonora y llamativa -chirriante-: para acallar\u00a0 esas peque\u00f1as verdades que suelen incomodar y nos llevan por caminos m\u00e1s dif\u00edciles (eso s\u00ed, alejados del ruido).<\/p>\n<p>No\u00a0 ocurre esto en el caso de M\u00aa Carmen, Aridia y Ainhoa\u00a0 del IES San Roque de Badajoz,\u00a0 que, sin levantar la voz,\u00a0 nos transmiten su ciencia sobre este particular y su personal historia de superaci\u00f3n. Chsssss<\/p>\n<p>Escuchamos y tomamos nota&#8230; \u00a1Buen trabajo!<\/p>\n<p style=\"text-align: center;\"><iframe loading=\"lazy\" src=\"https:\/\/www.youtube.com\/embed\/5bRc-lO70zc\" width=\"560\" height=\"315\" frameborder=\"0\" allowfullscreen=\"allowfullscreen\"><\/iframe><\/p>\n","protected":false},"excerpt":{"rendered":"<p>Esto del ruido no es problema exclusivo de las aulas TEA. Tampoco es solamente\u00a0 una cuesti\u00f3n de decibelios. Adem\u00e1s,\u00a0 me [&hellip;]<\/p>\n","protected":false},"author":2,"featured_media":704,"comment_status":"open","ping_status":"open","sticky":false,"template":"","format":"standard","meta":{"footnotes":""},"categories":[1],"tags":[],"_links":{"self":[{"href":"https:\/\/iesmgkorreas.com\/xxiiireunioncientifica2024\/index.php\/wp-json\/wp\/v2\/posts\/703"}],"collection":[{"href":"https:\/\/iesmgkorreas.com\/xxiiireunioncientifica2024\/index.php\/wp-json\/wp\/v2\/posts"}],"about":[{"href":"https:\/\/iesmgkorreas.com\/xxiiireunioncientifica2024\/index.php\/wp-json\/wp\/v2\/types\/post"}],"author":[{"embeddable":true,"href":"https:\/\/iesmgkorreas.com\/xxiiireunioncientifica2024\/index.php\/wp-json\/wp\/v2\/users\/2"}],"replies":[{"embeddable":true,"href":"https:\/\/iesmgkorreas.com\/xxiiireunioncientifica2024\/index.php\/wp-json\/wp\/v2\/comments?post=703"}],"version-history":[{"count":10,"href":"https:\/\/iesmgkorreas.com\/xxiiireunioncientifica2024\/index.php\/wp-json\/wp\/v2\/posts\/703\/revisions"}],"predecessor-version":[{"id":714,"href":"https:\/\/iesmgkorreas.com\/xxiiireunioncientifica2024\/index.php\/wp-json\/wp\/v2\/posts\/703\/revisions\/714"}],"wp:featuredmedia":[{"embeddable":true,"href":"https:\/\/iesmgkorreas.com\/xxiiireunioncientifica2024\/index.php\/wp-json\/wp\/v2\/media\/704"}],"wp:attachment":[{"href":"https:\/\/iesmgkorreas.com\/xxiiireunioncientifica2024\/index.php\/wp-json\/wp\/v2\/media?parent=703"}],"wp:term":[{"taxonomy":"category","embeddable":true,"href":"https:\/\/iesmgkorreas.com\/xxiiireunioncientifica2024\/index.php\/wp-json\/wp\/v2\/categories?post=703"},{"taxonomy":"post_tag","embeddable":true,"href":"https:\/\/iesmgkorreas.com\/xxiiireunioncientifica2024\/index.php\/wp-json\/wp\/v2\/tags?post=703"}],"curies":[{"name":"wp","href":"https:\/\/api.w.org\/{rel}","templated":true}]}}