{"id":663,"date":"2019-06-21T08:10:33","date_gmt":"2019-06-21T08:10:33","guid":{"rendered":"http:\/\/www.iesmgkorreas.com\/xxiiireunioncientificajaraiz\/?p=663"},"modified":"2019-06-22T15:49:17","modified_gmt":"2019-06-22T15:49:17","slug":"segundo-premio-en-la-final-del-xxxi-certamen-jovenes-investigadores-2019","status":"publish","type":"post","link":"https:\/\/iesmgkorreas.com\/xxiiireunioncientifica2024\/index.php\/2019\/06\/21\/segundo-premio-en-la-final-del-xxxi-certamen-jovenes-investigadores-2019\/","title":{"rendered":"Segundo Premio en la final del XXXI Certamen J\u00f3venes Investigadores 2019"},"content":{"rendered":"<p style=\"text-align: center;\"><iframe loading=\"lazy\" src=\"https:\/\/www.youtube.com\/embed\/Xzz6afpf79I\" width=\"560\" height=\"315\" frameborder=\"0\" allowfullscreen=\"allowfullscreen\"><\/iframe><\/p>\n<p>Esta fase final\u00a0 se ha celebrado en el CEULAJ de Mollina (M\u00e1laga) durante los d\u00edas 17 a 20 de junio. Han sido 40 trabajos de toda Espa\u00f1a los seleccionados de entre un total de 312 que se presentaron (la mayor participaci\u00f3n en los \u00faltimos a\u00f1os). De nuevo Juan S\u00e1nchez Mateos, del IES M G Korreas de Jara\u00edz (ponencia 7 de nuestra XXIII Reuni\u00f3n),\u00a0 es galardonado en el Certamen nacional culminando sus estudios de Bachillerato de esta brillante manera que se a\u00f1ade a su excelente\u00a0 curr\u00edculo acad\u00e9mico. Debo decir\u00a0 que en esta ocasi\u00f3n no pod\u00eda ser elegido para representar a Espa\u00f1a en el Certamen Europeo (EUCYS Sof\u00eda 2019) porque las normas impiden que un mismo representante participe dos veces. Posiblemente esto ha condicionado, me temo, el resultado, pues son los primeros premios los que van a representar a nuestro pa\u00eds en el mencionado congreso europeo.<\/p>\n<p>Para Juan y para m\u00ed, la consecuci\u00f3n de este reconocimiento nacional es nuestra manera de agradecer a todas aquellas personas de la comunidad educativa extreme\u00f1a en general, representada por la Consejer\u00eda de Educaci\u00f3n y Empleo,\u00a0 y de Jara\u00edz en particular, representada por el Korreas y por su ayuntamiento,\u00a0\u00a0 la confianza que depositaron en este equipo de alumnos que integran el club de ciencias de nuestro centro.<\/p>\n<p>Agradecemos al equipo organizador del INJUVE y al CEULAJ de Mollina su hospitalidad y darnos la posibilidad de defender nuestra investigaci\u00f3n\u00a0 en este prestigioso certamen. Muchas gracias tambi\u00e9n al Dr. Chus Jord\u00e1\u00a0 por su gran trabajo al frente del certamen durante los \u00faltimos 16 a\u00f1os y por la cari\u00f1osa acogida que siempre dispens\u00f3 a nuestros representantes europeos (Claudia y Juan).<\/p>\n<p>\u00a1ENHORABUENA JUAN! Un magn\u00edfico trabajo que pronto veremos publicado.<\/p>\n","protected":false},"excerpt":{"rendered":"<p>Esta fase final\u00a0 se ha celebrado en el CEULAJ de Mollina (M\u00e1laga) durante los d\u00edas 17 a 20 de junio. [&hellip;]<\/p>\n","protected":false},"author":2,"featured_media":665,"comment_status":"open","ping_status":"open","sticky":false,"template":"","format":"standard","meta":{"footnotes":""},"categories":[2],"tags":[],"_links":{"self":[{"href":"https:\/\/iesmgkorreas.com\/xxiiireunioncientifica2024\/index.php\/wp-json\/wp\/v2\/posts\/663"}],"collection":[{"href":"https:\/\/iesmgkorreas.com\/xxiiireunioncientifica2024\/index.php\/wp-json\/wp\/v2\/posts"}],"about":[{"href":"https:\/\/iesmgkorreas.com\/xxiiireunioncientifica2024\/index.php\/wp-json\/wp\/v2\/types\/post"}],"author":[{"embeddable":true,"href":"https:\/\/iesmgkorreas.com\/xxiiireunioncientifica2024\/index.php\/wp-json\/wp\/v2\/users\/2"}],"replies":[{"embeddable":true,"href":"https:\/\/iesmgkorreas.com\/xxiiireunioncientifica2024\/index.php\/wp-json\/wp\/v2\/comments?post=663"}],"version-history":[{"count":16,"href":"https:\/\/iesmgkorreas.com\/xxiiireunioncientifica2024\/index.php\/wp-json\/wp\/v2\/posts\/663\/revisions"}],"predecessor-version":[{"id":680,"href":"https:\/\/iesmgkorreas.com\/xxiiireunioncientifica2024\/index.php\/wp-json\/wp\/v2\/posts\/663\/revisions\/680"}],"wp:featuredmedia":[{"embeddable":true,"href":"https:\/\/iesmgkorreas.com\/xxiiireunioncientifica2024\/index.php\/wp-json\/wp\/v2\/media\/665"}],"wp:attachment":[{"href":"https:\/\/iesmgkorreas.com\/xxiiireunioncientifica2024\/index.php\/wp-json\/wp\/v2\/media?parent=663"}],"wp:term":[{"taxonomy":"category","embeddable":true,"href":"https:\/\/iesmgkorreas.com\/xxiiireunioncientifica2024\/index.php\/wp-json\/wp\/v2\/categories?post=663"},{"taxonomy":"post_tag","embeddable":true,"href":"https:\/\/iesmgkorreas.com\/xxiiireunioncientifica2024\/index.php\/wp-json\/wp\/v2\/tags?post=663"}],"curies":[{"name":"wp","href":"https:\/\/api.w.org\/{rel}","templated":true}]}}