{"id":568,"date":"2019-04-11T16:04:08","date_gmt":"2019-04-11T16:04:08","guid":{"rendered":"http:\/\/www.iesmgkorreas.com\/xxiiireunioncientificajaraiz\/?p=568"},"modified":"2019-04-12T20:36:12","modified_gmt":"2019-04-12T20:36:12","slug":"nuestros-chicos-se-estrenan-su-primera-ponencia","status":"publish","type":"post","link":"https:\/\/iesmgkorreas.com\/xxiiireunioncientifica2024\/index.php\/2019\/04\/11\/nuestros-chicos-se-estrenan-su-primera-ponencia\/","title":{"rendered":"Nuestros chicos se estrenan: su primera ponencia"},"content":{"rendered":"<p>Son de primero y segundo de la ESO y se han incorporado este curso al club de ciencias de nuestro centro. Constituyen un magn\u00edfico relevo para una generaci\u00f3n que este curso termina con la marcha de Juan S\u00e1nchez Mateos y el resto del equipo (Marta N\u00fa\u00f1ez, M\u00f3nica Labrador y Carla Lajas) para comenzar sus estudios universitarios despu\u00e9s de presentar sus \u00faltimas investigaciones en casa. La historia de su trayectoria cient\u00edfica en este centro se puede ver <a href=\"http:\/\/bibliogonzalokorreas.com\/WP_CNS\/\"><strong>aqu\u00ed<\/strong><\/a><\/p>\n<p style=\"text-align: left;\">Savia nueva y mucho talento. Junto con Sara S\u00e1nchez, Pablo S\u00e1nchez y un reci\u00e9n incorporado \u00c1ngel Luis, formar\u00e1n el equipo de alumnos que ya comienza sus nuevas investigaciones para encarar los retos del curso que viene. Estoy seguro de que todos ellos nos sorprender\u00e1n con sus nuevos trabajos. Son: Miguel A, Fco. Javier, Alba Matilla, Alba Monforte, Carmen Sol\u00eds y Mart\u00edn Marcos.<\/p>\n<p>Lo m\u00e1s relevante para m\u00ed de todo lo vivido en estos \u00faltimos tiempos con todos estos j\u00f3venes cient\u00edficos no es el hecho de que yo haya cre\u00eddo en ellos y en sus posibilidades (que son muchas m\u00e1s de las que somos capaces de percibir). Lo m\u00e1s notable es que ellos hayan confiado en este que escribe para dedicar una buena parte de su tiempo libre en \u00a0hacer la ciencia que humildemente realizamos en el Korreas.<\/p>\n<p style=\"text-align: center;\"><iframe loading=\"lazy\" src=\"https:\/\/www.youtube.com\/embed\/5E_L3rrhWAs\" width=\"560\" height=\"315\" frameborder=\"0\" allowfullscreen=\"allowfullscreen\"><\/iframe><\/p>\n","protected":false},"excerpt":{"rendered":"<p>Son de primero y segundo de la ESO y se han incorporado este curso al club de ciencias de nuestro [&hellip;]<\/p>\n","protected":false},"author":2,"featured_media":575,"comment_status":"open","ping_status":"open","sticky":false,"template":"","format":"standard","meta":{"footnotes":""},"categories":[2],"tags":[],"_links":{"self":[{"href":"https:\/\/iesmgkorreas.com\/xxiiireunioncientifica2024\/index.php\/wp-json\/wp\/v2\/posts\/568"}],"collection":[{"href":"https:\/\/iesmgkorreas.com\/xxiiireunioncientifica2024\/index.php\/wp-json\/wp\/v2\/posts"}],"about":[{"href":"https:\/\/iesmgkorreas.com\/xxiiireunioncientifica2024\/index.php\/wp-json\/wp\/v2\/types\/post"}],"author":[{"embeddable":true,"href":"https:\/\/iesmgkorreas.com\/xxiiireunioncientifica2024\/index.php\/wp-json\/wp\/v2\/users\/2"}],"replies":[{"embeddable":true,"href":"https:\/\/iesmgkorreas.com\/xxiiireunioncientifica2024\/index.php\/wp-json\/wp\/v2\/comments?post=568"}],"version-history":[{"count":12,"href":"https:\/\/iesmgkorreas.com\/xxiiireunioncientifica2024\/index.php\/wp-json\/wp\/v2\/posts\/568\/revisions"}],"predecessor-version":[{"id":584,"href":"https:\/\/iesmgkorreas.com\/xxiiireunioncientifica2024\/index.php\/wp-json\/wp\/v2\/posts\/568\/revisions\/584"}],"wp:featuredmedia":[{"embeddable":true,"href":"https:\/\/iesmgkorreas.com\/xxiiireunioncientifica2024\/index.php\/wp-json\/wp\/v2\/media\/575"}],"wp:attachment":[{"href":"https:\/\/iesmgkorreas.com\/xxiiireunioncientifica2024\/index.php\/wp-json\/wp\/v2\/media?parent=568"}],"wp:term":[{"taxonomy":"category","embeddable":true,"href":"https:\/\/iesmgkorreas.com\/xxiiireunioncientifica2024\/index.php\/wp-json\/wp\/v2\/categories?post=568"},{"taxonomy":"post_tag","embeddable":true,"href":"https:\/\/iesmgkorreas.com\/xxiiireunioncientifica2024\/index.php\/wp-json\/wp\/v2\/tags?post=568"}],"curies":[{"name":"wp","href":"https:\/\/api.w.org\/{rel}","templated":true}]}}