{"id":522,"date":"2019-04-07T18:35:12","date_gmt":"2019-04-07T18:35:12","guid":{"rendered":"http:\/\/www.iesmgkorreas.com\/xxiiireunioncientificajaraiz\/?p=522"},"modified":"2019-04-07T18:35:12","modified_gmt":"2019-04-07T18:35:12","slug":"homenaje-a-los-profesores-emeritos-de-la-asociacion-i-e-s","status":"publish","type":"post","link":"https:\/\/iesmgkorreas.com\/xxiiireunioncientifica2024\/index.php\/2019\/04\/07\/homenaje-a-los-profesores-emeritos-de-la-asociacion-i-e-s\/","title":{"rendered":"Homenaje a los profesores em\u00e9ritos de la asociaci\u00f3n I.e.S."},"content":{"rendered":"<div id='gallery-1' class='gallery galleryid-522 gallery-columns-2 gallery-size-large'><figure class='gallery-item'>\n\t\t\t<div class='gallery-icon landscape'>\n\t\t\t\t<a href='https:\/\/iesmgkorreas.com\/xxiiireunioncientifica2024\/index.php\/2019\/04\/07\/homenaje-a-los-profesores-emeritos-de-la-asociacion-i-e-s\/b766728d-81d6-4295-9f5c-9c694c86012e\/'><img loading=\"lazy\" decoding=\"async\" width=\"780\" height=\"462\" src=\"https:\/\/iesmgkorreas.com\/xxiiireunioncientifica2024\/wp-content\/uploads\/2019\/04\/B766728D-81D6-4295-9F5C-9C694C86012E-1024x607.jpeg\" class=\"attachment-large size-large\" alt=\"\" aria-describedby=\"gallery-1-525\" srcset=\"https:\/\/iesmgkorreas.com\/xxiiireunioncientifica2024\/wp-content\/uploads\/2019\/04\/B766728D-81D6-4295-9F5C-9C694C86012E-1024x607.jpeg 1024w, https:\/\/iesmgkorreas.com\/xxiiireunioncientifica2024\/wp-content\/uploads\/2019\/04\/B766728D-81D6-4295-9F5C-9C694C86012E-300x178.jpeg 300w, https:\/\/iesmgkorreas.com\/xxiiireunioncientifica2024\/wp-content\/uploads\/2019\/04\/B766728D-81D6-4295-9F5C-9C694C86012E-768x455.jpeg 768w\" sizes=\"(max-width: 780px) 100vw, 780px\" \/><\/a>\n\t\t\t<\/div>\n\t\t\t\t<figcaption class='wp-caption-text gallery-caption' id='gallery-1-525'>\n\t\t\t\tLos homenajeados en presencia de la Consejera de Educaci\u00f3n, la directora del centro y el alcade de Jara\u00edz.\n\t\t\t\t<\/figcaption><\/figure><figure class='gallery-item'>\n\t\t\t<div class='gallery-icon landscape'>\n\t\t\t\t<a href='https:\/\/iesmgkorreas.com\/xxiiireunioncientifica2024\/index.php\/2019\/04\/07\/homenaje-a-los-profesores-emeritos-de-la-asociacion-i-e-s\/eca83f8a-d6ac-4295-b1c2-496ae489006b\/'><img loading=\"lazy\" decoding=\"async\" width=\"780\" height=\"526\" src=\"https:\/\/iesmgkorreas.com\/xxiiireunioncientifica2024\/wp-content\/uploads\/2019\/04\/ECA83F8A-D6AC-4295-B1C2-496AE489006B-1024x690.jpeg\" class=\"attachment-large size-large\" alt=\"\" aria-describedby=\"gallery-1-526\" srcset=\"https:\/\/iesmgkorreas.com\/xxiiireunioncientifica2024\/wp-content\/uploads\/2019\/04\/ECA83F8A-D6AC-4295-B1C2-496AE489006B-1024x690.jpeg 1024w, https:\/\/iesmgkorreas.com\/xxiiireunioncientifica2024\/wp-content\/uploads\/2019\/04\/ECA83F8A-D6AC-4295-B1C2-496AE489006B-300x202.jpeg 300w, https:\/\/iesmgkorreas.com\/xxiiireunioncientifica2024\/wp-content\/uploads\/2019\/04\/ECA83F8A-D6AC-4295-B1C2-496AE489006B-768x518.jpeg 768w, https:\/\/iesmgkorreas.com\/xxiiireunioncientifica2024\/wp-content\/uploads\/2019\/04\/ECA83F8A-D6AC-4295-B1C2-496AE489006B-e1555265636408.jpeg 318w\" sizes=\"(max-width: 780px) 100vw, 780px\" \/><\/a>\n\t\t\t<\/div>\n\t\t\t\t<figcaption class='wp-caption-text gallery-caption' id='gallery-1-526'>\n\t\t\t\tFelipe Pizarro,  Juan Ramo\u00f1s, Jos\u00e9 Manuel Rivero y \u00c1ngel Calleja.\n\t\t\t\t<\/figcaption><\/figure>\n\t\t<\/div>\n\n<p>La acaldesa de Collado de La Vera, \u00a0Montserrat Fern\u00e1ndez, ha donado el obsequio que se les entreg\u00f3 a los profesores em\u00e9ritos de la asociaci\u00f3n Investigaci\u00f3n en Secundaria en el emotivo acto de clausura en el que se rend\u00eda cumplido homenaje por su entrega y dedicaci\u00f3n en el fomento de la Ciencia en Extremadura. El regalo consisti\u00f3 en el \u00a0libro <em><strong>\u201cTradiciones, ritos y leyendas de La Vera\u201d<\/strong><\/em> de Jos\u00e9 V. Serradilla Mu\u00f1oz. \u00a0Lamentablemente, sus obligaciones impidieron su asistencia al acto de la ma\u00f1ana del d\u00eda 5.<\/p>\n<p>Estuvieron acompa\u00f1ados \u00a0por la Consejera de Educaci\u00f3n y Empleo, Esther Gutierrez, el alcalde de Jara\u00edz, Luis Miguel N\u00fa\u00f1ez,\u00a0 la presidenta de I.e.S, Josefa Jaramillo, \u00a0 y la directora del IES M G Korreas, M\u00edriam Garc\u00eda, que adem\u00e1s les entregaron la taza con el logo de la XXIII Reuni\u00f3n Cient\u00edfica. Todos ellos, empezando por la presidenta de la asociaci\u00f3n I.e.S., dirigieron a los homenajeados afectuosas palabras de reconocimiento a su labor de tantos a\u00f1os en pro de la ense\u00f1anza de la Ciencia.<\/p>\n<p>Agradecemos a Collado de La Vera y a su alcaldesa, Montserrat Fern\u00e1ndez, la generosidad mostrada con \u00a0esta organizaci\u00f3n pues tambi\u00e9n ha financiado los cuadernos de trabajo de los participantes.<\/p>\n<p>Tambi\u00e9n, por supuesto, agradecemos profundamente la asistencia de las mencionadas autoridades, la Consejera Esther Gutierrez y el alcalde \u00a0Luis Miguel N\u00fa\u00f1ez, \u00a0pues han sido fundamentales para el \u00e9xito de esta XXIII edici\u00f3n, colaborando estrechamente con la organizaci\u00f3n en m\u00faltiples aspectos.<\/p>\n<p>\u00a1Gracias!<\/p>\n<p>&nbsp;<\/p>\n<p>Ha sido un honor.<\/p>\n","protected":false},"excerpt":{"rendered":"<p>La acaldesa de Collado de La Vera, \u00a0Montserrat Fern\u00e1ndez, ha donado el obsequio que se les entreg\u00f3 a los profesores [&hellip;]<\/p>\n","protected":false},"author":2,"featured_media":215,"comment_status":"open","ping_status":"open","sticky":false,"template":"","format":"standard","meta":{"footnotes":""},"categories":[2],"tags":[],"_links":{"self":[{"href":"https:\/\/iesmgkorreas.com\/xxiiireunioncientifica2024\/index.php\/wp-json\/wp\/v2\/posts\/522"}],"collection":[{"href":"https:\/\/iesmgkorreas.com\/xxiiireunioncientifica2024\/index.php\/wp-json\/wp\/v2\/posts"}],"about":[{"href":"https:\/\/iesmgkorreas.com\/xxiiireunioncientifica2024\/index.php\/wp-json\/wp\/v2\/types\/post"}],"author":[{"embeddable":true,"href":"https:\/\/iesmgkorreas.com\/xxiiireunioncientifica2024\/index.php\/wp-json\/wp\/v2\/users\/2"}],"replies":[{"embeddable":true,"href":"https:\/\/iesmgkorreas.com\/xxiiireunioncientifica2024\/index.php\/wp-json\/wp\/v2\/comments?post=522"}],"version-history":[{"count":5,"href":"https:\/\/iesmgkorreas.com\/xxiiireunioncientifica2024\/index.php\/wp-json\/wp\/v2\/posts\/522\/revisions"}],"predecessor-version":[{"id":538,"href":"https:\/\/iesmgkorreas.com\/xxiiireunioncientifica2024\/index.php\/wp-json\/wp\/v2\/posts\/522\/revisions\/538"}],"wp:featuredmedia":[{"embeddable":true,"href":"https:\/\/iesmgkorreas.com\/xxiiireunioncientifica2024\/index.php\/wp-json\/wp\/v2\/media\/215"}],"wp:attachment":[{"href":"https:\/\/iesmgkorreas.com\/xxiiireunioncientifica2024\/index.php\/wp-json\/wp\/v2\/media?parent=522"}],"wp:term":[{"taxonomy":"category","embeddable":true,"href":"https:\/\/iesmgkorreas.com\/xxiiireunioncientifica2024\/index.php\/wp-json\/wp\/v2\/categories?post=522"},{"taxonomy":"post_tag","embeddable":true,"href":"https:\/\/iesmgkorreas.com\/xxiiireunioncientifica2024\/index.php\/wp-json\/wp\/v2\/tags?post=522"}],"curies":[{"name":"wp","href":"https:\/\/api.w.org\/{rel}","templated":true}]}}