{"id":470,"date":"2019-04-03T05:00:05","date_gmt":"2019-04-03T05:00:05","guid":{"rendered":"http:\/\/www.iesmgkorreas.com\/xxiiireunioncientificajaraiz\/?p=470"},"modified":"2019-04-03T05:00:05","modified_gmt":"2019-04-03T05:00:05","slug":"desde-colombia-proyecto-oporornis","status":"publish","type":"post","link":"https:\/\/iesmgkorreas.com\/xxiiireunioncientifica2024\/index.php\/2019\/04\/03\/desde-colombia-proyecto-oporornis\/","title":{"rendered":"Desde Colombia: PROYECTO OPORORNIS"},"content":{"rendered":"<p>Este es el t\u00edtulo de la ponencia que se realizar\u00e1 en directo desde Colombia a \u00faltima hora de la ma\u00f1ana del jueves 4 de abril. Su autora es\u00a0<strong>Gisselle Nicole <span style=\"margin: 0px; line-height: 107%; font-family: 'Arial',sans-serif; font-size: 12pt;\"><span style=\"color: #000000;\">Gutierrez Baptista\u00a0<\/span><\/span><\/strong><\/p>\n<p><span style=\"margin: 0px; line-height: 107%; font-family: 'Arial',sans-serif; font-size: 12pt;\"><span style=\"color: #000000;\">El presente proyecto tiene como prop\u00f3sito acercarnos de manera clara y detallada a las causas y consecuencias relacionadas con el fen\u00f3meno migratorio venezolano, espec\u00edficamente al estudiantil y su incidencia en la percepci\u00f3n y adaptabilidad con el entorno educativo de <strong>Valledupar<\/strong>. Este proyecto busca particularmente investigar el punto de capacidad adaptable de dichos estudiantes, como ha sido su transici\u00f3n al calendario acad\u00e9mico, la intensidad de las \u00e1reas impartidas y sus diferencias respecto a pensum acad\u00e9mico, y su percepci\u00f3n relacionada a m\u00e9todos de estudio, formas evaluativas entre otros.<\/span><\/span><\/p>\n<p><span style=\"margin: 0px; line-height: 107%; font-family: 'Arial',sans-serif; font-size: 12pt;\"><span style=\"color: #000000;\">La llegada masiva de estudiantes extranjeros a la ciudad ha sido un tema manejado por las autoridades con alto grado de prioridad, puesto que se ha tomado en cuenta el derecho que poseemos a recibir educaci\u00f3n, por esta raz\u00f3n las autoridades departamentales han acatado el decreto emanado por el presidente de la republica que consiste b\u00e1sicamente en la no restricci\u00f3n para que ni\u00f1os y j\u00f3venes procedentes de Venezuela puedan ingresar a las instituciones educativas de Colombia. En este caso, seg\u00fan fuentes gubernamentales en los municipios del norte del departamento del Cesar, se calcula un ingreso de unos 2000 estudiantes y para el a\u00f1o 2018 se espera una cifra cercana a los 2500 estudiantes<\/span><\/span><\/p>\n<p>&nbsp;<\/p>\n","protected":false},"excerpt":{"rendered":"<p>Este es el t\u00edtulo de la ponencia que se realizar\u00e1 en directo desde Colombia a \u00faltima hora de la ma\u00f1ana [&hellip;]<\/p>\n","protected":false},"author":2,"featured_media":472,"comment_status":"open","ping_status":"open","sticky":false,"template":"","format":"standard","meta":{"footnotes":""},"categories":[2],"tags":[],"_links":{"self":[{"href":"https:\/\/iesmgkorreas.com\/xxiiireunioncientifica2024\/index.php\/wp-json\/wp\/v2\/posts\/470"}],"collection":[{"href":"https:\/\/iesmgkorreas.com\/xxiiireunioncientifica2024\/index.php\/wp-json\/wp\/v2\/posts"}],"about":[{"href":"https:\/\/iesmgkorreas.com\/xxiiireunioncientifica2024\/index.php\/wp-json\/wp\/v2\/types\/post"}],"author":[{"embeddable":true,"href":"https:\/\/iesmgkorreas.com\/xxiiireunioncientifica2024\/index.php\/wp-json\/wp\/v2\/users\/2"}],"replies":[{"embeddable":true,"href":"https:\/\/iesmgkorreas.com\/xxiiireunioncientifica2024\/index.php\/wp-json\/wp\/v2\/comments?post=470"}],"version-history":[{"count":2,"href":"https:\/\/iesmgkorreas.com\/xxiiireunioncientifica2024\/index.php\/wp-json\/wp\/v2\/posts\/470\/revisions"}],"predecessor-version":[{"id":473,"href":"https:\/\/iesmgkorreas.com\/xxiiireunioncientifica2024\/index.php\/wp-json\/wp\/v2\/posts\/470\/revisions\/473"}],"wp:featuredmedia":[{"embeddable":true,"href":"https:\/\/iesmgkorreas.com\/xxiiireunioncientifica2024\/index.php\/wp-json\/wp\/v2\/media\/472"}],"wp:attachment":[{"href":"https:\/\/iesmgkorreas.com\/xxiiireunioncientifica2024\/index.php\/wp-json\/wp\/v2\/media?parent=470"}],"wp:term":[{"taxonomy":"category","embeddable":true,"href":"https:\/\/iesmgkorreas.com\/xxiiireunioncientifica2024\/index.php\/wp-json\/wp\/v2\/categories?post=470"},{"taxonomy":"post_tag","embeddable":true,"href":"https:\/\/iesmgkorreas.com\/xxiiireunioncientifica2024\/index.php\/wp-json\/wp\/v2\/tags?post=470"}],"curies":[{"name":"wp","href":"https:\/\/api.w.org\/{rel}","templated":true}]}}