{"id":401,"date":"2019-03-29T12:45:10","date_gmt":"2019-03-29T12:45:10","guid":{"rendered":"http:\/\/www.iesmgkorreas.com\/xxiiireunioncientificajaraiz\/?p=401"},"modified":"2019-03-29T12:45:10","modified_gmt":"2019-03-29T12:45:10","slug":"la-tabla-periodica-de-sandra-y-compania","status":"publish","type":"post","link":"https:\/\/iesmgkorreas.com\/xxiiireunioncientifica2024\/index.php\/2019\/03\/29\/la-tabla-periodica-de-sandra-y-compania\/","title":{"rendered":"La Tabla peri\u00f3dica de Sandra y compa\u00f1\u00eda&#8230;"},"content":{"rendered":"<p>Nuestra compa\u00f1era de F\u00edsica y Qu\u00edmica, Sandra Casas, ha sido la promotora de este magn\u00edfico proyecto para celebrar el A\u00f1o Internacional de la Tabla Peri\u00f3dica. Forma parte de las actividades que se desarrollan en la semana cient\u00edfica que comienza el lunes 1 de abril. Lucir\u00e1 en el gimnasio durante la exposici\u00f3n de paneles del d\u00eda 4 de abril.<br \/>\nQuedar\u00e1 para siempre en nuestro centro&#8230;<br \/>\nEl equipo que ha trabajado en su confecci\u00f3n es:<\/p>\n<p>Departamento de F\u00edsica y Qu\u00edmica<br \/>\nSergio Mu\u00f1oz Ortega<br \/>\nBego\u00f1a De la Torre Barbero<br \/>\nLourdes Cebr\u00edan (sustituta de Ana Navajas)<br \/>\nSandra Casas Ortiz<\/p>\n<p>Departamento de Tecnolog\u00eda<br \/>\nManuel S\u00e1nchez Rubio<br \/>\nRicardo Baz Recio<br \/>\nLuis Mart\u00edn B\u00e9jar<\/p>\n<p>Departamento de Orientaci\u00f3n<br \/>\nRa\u00fal M\u00e1rquez Garc\u00eda<\/p>\n<p>Alumnado<br \/>\nClase 4 ESO B<br \/>\nClase 3 ESO B<br \/>\nClase 2 ESO A, B, D<br \/>\nClase 4 ESO PRAGE<br \/>\nClase 3 PMAR<br \/>\nClase 2 PMAR<\/p>\n<p>\u00a1Gran trabajo equipo!<\/p>\n<p>Estamos muy agradecidos \ud83e\udd17\ud83e\udd17<\/p>\n","protected":false},"excerpt":{"rendered":"<p>Nuestra compa\u00f1era de F\u00edsica y Qu\u00edmica, Sandra Casas, ha sido la promotora de este magn\u00edfico proyecto para celebrar el A\u00f1o [&hellip;]<\/p>\n","protected":false},"author":2,"featured_media":403,"comment_status":"open","ping_status":"open","sticky":false,"template":"","format":"standard","meta":{"footnotes":""},"categories":[1],"tags":[],"_links":{"self":[{"href":"https:\/\/iesmgkorreas.com\/xxiiireunioncientifica2024\/index.php\/wp-json\/wp\/v2\/posts\/401"}],"collection":[{"href":"https:\/\/iesmgkorreas.com\/xxiiireunioncientifica2024\/index.php\/wp-json\/wp\/v2\/posts"}],"about":[{"href":"https:\/\/iesmgkorreas.com\/xxiiireunioncientifica2024\/index.php\/wp-json\/wp\/v2\/types\/post"}],"author":[{"embeddable":true,"href":"https:\/\/iesmgkorreas.com\/xxiiireunioncientifica2024\/index.php\/wp-json\/wp\/v2\/users\/2"}],"replies":[{"embeddable":true,"href":"https:\/\/iesmgkorreas.com\/xxiiireunioncientifica2024\/index.php\/wp-json\/wp\/v2\/comments?post=401"}],"version-history":[{"count":2,"href":"https:\/\/iesmgkorreas.com\/xxiiireunioncientifica2024\/index.php\/wp-json\/wp\/v2\/posts\/401\/revisions"}],"predecessor-version":[{"id":404,"href":"https:\/\/iesmgkorreas.com\/xxiiireunioncientifica2024\/index.php\/wp-json\/wp\/v2\/posts\/401\/revisions\/404"}],"wp:featuredmedia":[{"embeddable":true,"href":"https:\/\/iesmgkorreas.com\/xxiiireunioncientifica2024\/index.php\/wp-json\/wp\/v2\/media\/403"}],"wp:attachment":[{"href":"https:\/\/iesmgkorreas.com\/xxiiireunioncientifica2024\/index.php\/wp-json\/wp\/v2\/media?parent=401"}],"wp:term":[{"taxonomy":"category","embeddable":true,"href":"https:\/\/iesmgkorreas.com\/xxiiireunioncientifica2024\/index.php\/wp-json\/wp\/v2\/categories?post=401"},{"taxonomy":"post_tag","embeddable":true,"href":"https:\/\/iesmgkorreas.com\/xxiiireunioncientifica2024\/index.php\/wp-json\/wp\/v2\/tags?post=401"}],"curies":[{"name":"wp","href":"https:\/\/api.w.org\/{rel}","templated":true}]}}