{"id":391,"date":"2019-03-26T21:54:06","date_gmt":"2019-03-26T21:54:06","guid":{"rendered":"http:\/\/www.iesmgkorreas.com\/xxiiireunioncientificajaraiz\/?p=391"},"modified":"2019-03-26T21:54:07","modified_gmt":"2019-03-26T21:54:07","slug":"gracias","status":"publish","type":"post","link":"https:\/\/iesmgkorreas.com\/xxiiireunioncientifica2024\/index.php\/2019\/03\/26\/gracias\/","title":{"rendered":"\u00a1GRACIAS!"},"content":{"rendered":"<p>En nombre de la Asociaci\u00f3n Investigaci\u00f3n en Secundaria (I.e.S) \u00a0y del IES M G Korreas a todos aquellos que ponen d\u00eda a d\u00eda \u00a0su esfuerzo para que \u00a0la Ciencia Joven brille con todo su talento en esta ya inminente primera semana de abril. Todos los participantes que acud\u00eds a nuestra cita deb\u00e9is saber que son muchas las personas que trabajan \u00a0para que todo vaya como debe marchar para que vuestro trabajo se conozca y se comparta.<\/p>\n<p>Empezando por el nutrido grupo de profesores\u00a0 y alumnos voluntarios del IES MGK cuyos nombres ser\u00eda prolijo citar. Intentamos agradec\u00e9rselo en cada momento. Son los profesores \u00a0y alumnos de ESO y Bachillerato \u00a0que se han responsabilizado de las diferentes \u00e1reas: manutenci\u00f3n, alojamiento, financiaci\u00f3n, dise\u00f1o \u00a0e impresi\u00f3n, comit\u00e9 cient\u00edfico, visitas, entretenimiento, etc. Tambi\u00e9n los profesores y alumnos de nuestras ense\u00f1anzas de \u00a0Administraci\u00f3n y Comercio que \u00a0ahora ultiman preparativos \u00a0arrimando el hombro en aspectos que les son propios y en la decoraci\u00f3n del evento principal en el Teatro Cine Avenida de Jara\u00edz.<\/p>\n<p>Un Teatro que el Alcalde de Jara\u00edz, Luis Miguel N\u00fa\u00f1ez, nos ofrece en nombre de la poblaci\u00f3n para que est\u00e9 en las mejores condiciones. No ignoramos su empe\u00f1o y el de sus colaboradores, as\u00ed como el de los empleados del Ayuntamiento que nos allanan el dif\u00edcil camino de estos \u00faltimos d\u00edas, estos d\u00edas en que los nervios afloran. Estamos en buenas manos.<\/p>\n<p>Estamos seguros porque, adem\u00e1s, \u00a0contamos con el respaldo de financiaci\u00f3n que este tipo de actividades conlleva. Nuestros <span style=\"color: #3366ff;\"><a style=\"color: #3366ff;\" href=\"https:\/\/iesmgkorreas.com\/xxiiireunioncientifica2024\/index.php\/patrocinadores\/\">patrocinadores<\/a><\/span> son generosos y se ponen del lado de la Ciencia junto con las autoridades educativas, que cuentan con un excelente embajador en la persona de Alfredo P\u00e9rez Tovar,director del CPR de Jara\u00edz, \u00a0que nos ha brindado todos los recursos \u00a0que la Consejer\u00eda de Educaci\u00f3n y Empleo \u00a0y su Servicio de Innovaci\u00f3n y Formaci\u00f3n del Profesorado han querido aportar.<\/p>\n<p>Aportaci\u00f3n inmaterial la de todos esos profesionales \u00a0que compartir\u00e1n su conocimiento con nosotros en estas actividades programadas para la semana cient\u00edfica. Encabezados \u00a0por nuestra querida M Victoria Gil \u00c1lvarez que pondr\u00e1 broche de oro con su conferencia inaugural.<\/p>\n<p>Simplemente, \u00a1Gracias!<\/p>\n","protected":false},"excerpt":{"rendered":"<p>En nombre de la Asociaci\u00f3n Investigaci\u00f3n en Secundaria (I.e.S) \u00a0y del IES M G Korreas a todos aquellos que ponen [&hellip;]<\/p>\n","protected":false},"author":2,"featured_media":392,"comment_status":"open","ping_status":"open","sticky":false,"template":"","format":"standard","meta":{"footnotes":""},"categories":[1],"tags":[],"_links":{"self":[{"href":"https:\/\/iesmgkorreas.com\/xxiiireunioncientifica2024\/index.php\/wp-json\/wp\/v2\/posts\/391"}],"collection":[{"href":"https:\/\/iesmgkorreas.com\/xxiiireunioncientifica2024\/index.php\/wp-json\/wp\/v2\/posts"}],"about":[{"href":"https:\/\/iesmgkorreas.com\/xxiiireunioncientifica2024\/index.php\/wp-json\/wp\/v2\/types\/post"}],"author":[{"embeddable":true,"href":"https:\/\/iesmgkorreas.com\/xxiiireunioncientifica2024\/index.php\/wp-json\/wp\/v2\/users\/2"}],"replies":[{"embeddable":true,"href":"https:\/\/iesmgkorreas.com\/xxiiireunioncientifica2024\/index.php\/wp-json\/wp\/v2\/comments?post=391"}],"version-history":[{"count":6,"href":"https:\/\/iesmgkorreas.com\/xxiiireunioncientifica2024\/index.php\/wp-json\/wp\/v2\/posts\/391\/revisions"}],"predecessor-version":[{"id":398,"href":"https:\/\/iesmgkorreas.com\/xxiiireunioncientifica2024\/index.php\/wp-json\/wp\/v2\/posts\/391\/revisions\/398"}],"wp:featuredmedia":[{"embeddable":true,"href":"https:\/\/iesmgkorreas.com\/xxiiireunioncientifica2024\/index.php\/wp-json\/wp\/v2\/media\/392"}],"wp:attachment":[{"href":"https:\/\/iesmgkorreas.com\/xxiiireunioncientifica2024\/index.php\/wp-json\/wp\/v2\/media?parent=391"}],"wp:term":[{"taxonomy":"category","embeddable":true,"href":"https:\/\/iesmgkorreas.com\/xxiiireunioncientifica2024\/index.php\/wp-json\/wp\/v2\/categories?post=391"},{"taxonomy":"post_tag","embeddable":true,"href":"https:\/\/iesmgkorreas.com\/xxiiireunioncientifica2024\/index.php\/wp-json\/wp\/v2\/tags?post=391"}],"curies":[{"name":"wp","href":"https:\/\/api.w.org\/{rel}","templated":true}]}}