{"id":366,"date":"2019-03-26T20:02:24","date_gmt":"2019-03-26T20:02:24","guid":{"rendered":"http:\/\/www.iesmgkorreas.com\/xxiiireunioncientificajaraiz\/?p=366"},"modified":"2019-03-26T20:02:24","modified_gmt":"2019-03-26T20:02:24","slug":"mintaka-nos-acerca-a-la-observacion-solar","status":"publish","type":"post","link":"https:\/\/iesmgkorreas.com\/xxiiireunioncientifica2024\/index.php\/2019\/03\/26\/mintaka-nos-acerca-a-la-observacion-solar\/","title":{"rendered":"Mintaka nos acerca a la observaci\u00f3n solar"},"content":{"rendered":"<p><strong>La Asociaci\u00f3n Astron\u00f3mica Placentina \u00abMINTAKA\u00bb<\/strong>\u00a0ve la luz el d\u00eda 13 de enero de 2017 tras la reuni\u00f3n de varios amigos con la misma y apasionante afici\u00f3n, la astronom\u00eda. Mintaka es una <strong>asociaci\u00f3n sin \u00e1nimo de lucro<\/strong> que nace\u00a0 para el\u00a0 estudio, divulgaci\u00f3n y organizaci\u00f3n \u00a0de actividades relacionadas con la Astronom\u00eda, astrobiolog\u00eda, astrof\u00edsica, astrona\u00fatica, astrofotograf\u00eda, turismo astron\u00f3mico y ciencias relacionadas.<\/p>\n<p>Durante las ma\u00f1anas de la\u00a0 semana cient\u00edfica, del 1 al 5 de abril, y de la mano del profesor de nuestro IES\u00a0 Jos\u00e9 Mar\u00eda Dur\u00e1n, podremos hacer<strong> observaci\u00f3n solar\u00a0<\/strong> en nuestro centro. <strong>Mintaka<\/strong> nos introduce en este apasionante campo de la observaci\u00f3n astron\u00f3mica que es el estudio de los rasgos de la superficie de nuestra\u00a0 estrella. Podremos detectar la presencia de las famosas manchas solares y constatar su evoluci\u00f3n\u00a0 a lo largo de esa semana.\u00a0 Nos ceden para esos d\u00edas un <strong>telescopio solar<\/strong> , instrumento clave para realizar este tipo de astronom\u00eda. Se trata de un telescopio\u00a0 adaptado con los filtros apropiados que permiten dirigirlo al sol para poder mirar a trav\u00e9s de su objetivo con total seguridad. (Hay que aclarar que es tremendamente peligroso mirar al sol con instrumentos no preparados, pudiendo causar ceguera)<\/p>\n<p>Manifestamos aqu\u00ed\u00a0 nuestro agradecimiento doble, a nuestro compa\u00f1ero Jos\u00e9 Mar\u00eda Dur\u00e1n\u00a0 y a Mintaka, por proporcionar a nuestros estudiantes esta magn\u00edfica oportunidad de experimentar\u00a0 la ciencia astron\u00f3mica.<\/p>\n","protected":false},"excerpt":{"rendered":"<p>La Asociaci\u00f3n Astron\u00f3mica Placentina \u00abMINTAKA\u00bb\u00a0ve la luz el d\u00eda 13 de enero de 2017 tras la reuni\u00f3n de varios amigos [&hellip;]<\/p>\n","protected":false},"author":2,"featured_media":369,"comment_status":"open","ping_status":"open","sticky":false,"template":"","format":"standard","meta":{"footnotes":""},"categories":[1],"tags":[],"_links":{"self":[{"href":"https:\/\/iesmgkorreas.com\/xxiiireunioncientifica2024\/index.php\/wp-json\/wp\/v2\/posts\/366"}],"collection":[{"href":"https:\/\/iesmgkorreas.com\/xxiiireunioncientifica2024\/index.php\/wp-json\/wp\/v2\/posts"}],"about":[{"href":"https:\/\/iesmgkorreas.com\/xxiiireunioncientifica2024\/index.php\/wp-json\/wp\/v2\/types\/post"}],"author":[{"embeddable":true,"href":"https:\/\/iesmgkorreas.com\/xxiiireunioncientifica2024\/index.php\/wp-json\/wp\/v2\/users\/2"}],"replies":[{"embeddable":true,"href":"https:\/\/iesmgkorreas.com\/xxiiireunioncientifica2024\/index.php\/wp-json\/wp\/v2\/comments?post=366"}],"version-history":[{"count":5,"href":"https:\/\/iesmgkorreas.com\/xxiiireunioncientifica2024\/index.php\/wp-json\/wp\/v2\/posts\/366\/revisions"}],"predecessor-version":[{"id":377,"href":"https:\/\/iesmgkorreas.com\/xxiiireunioncientifica2024\/index.php\/wp-json\/wp\/v2\/posts\/366\/revisions\/377"}],"wp:featuredmedia":[{"embeddable":true,"href":"https:\/\/iesmgkorreas.com\/xxiiireunioncientifica2024\/index.php\/wp-json\/wp\/v2\/media\/369"}],"wp:attachment":[{"href":"https:\/\/iesmgkorreas.com\/xxiiireunioncientifica2024\/index.php\/wp-json\/wp\/v2\/media?parent=366"}],"wp:term":[{"taxonomy":"category","embeddable":true,"href":"https:\/\/iesmgkorreas.com\/xxiiireunioncientifica2024\/index.php\/wp-json\/wp\/v2\/categories?post=366"},{"taxonomy":"post_tag","embeddable":true,"href":"https:\/\/iesmgkorreas.com\/xxiiireunioncientifica2024\/index.php\/wp-json\/wp\/v2\/tags?post=366"}],"curies":[{"name":"wp","href":"https:\/\/api.w.org\/{rel}","templated":true}]}}