{"id":358,"date":"2019-03-26T08:07:28","date_gmt":"2019-03-26T08:07:28","guid":{"rendered":"http:\/\/www.iesmgkorreas.com\/xxiiireunioncientificajaraiz\/?p=358"},"modified":"2019-03-26T08:07:28","modified_gmt":"2019-03-26T08:07:28","slug":"ingieneria-forestal-una-profesion-con-futuro-en-la-vera","status":"publish","type":"post","link":"https:\/\/iesmgkorreas.com\/xxiiireunioncientifica2024\/index.php\/2019\/03\/26\/ingieneria-forestal-una-profesion-con-futuro-en-la-vera\/","title":{"rendered":"Ingiener\u00eda Forestal una profesi\u00f3n con futuro en La Vera"},"content":{"rendered":"<p>El mi\u00e9rcoles 3 de abril estar\u00e1n en nuestro centro:\u00a0 <strong><em>M. Lourdes L\u00f3pez D\u00edaz,\u00a0 M\u00aa Jes\u00fas Montero Parejo, Guadalupe Arenas Corraliza, Elena Garc\u00eda Delgado. <\/em><\/strong>(Ingenier\u00eda Forestal\u00a0y del Medio Natural. <em>Centro Universitario de Plasencia. <\/em>Universidad de Extremadura).<\/p>\n<p>Impartir\u00e1n tres talleres pr\u00e1cticos:<\/p>\n<p><strong>Taller 1. \u00bfY si los \u00e1rboles hablaran? <\/strong><\/p>\n<p>Este taller muestra los principales aspectos de la dendrocronolog\u00eda o ciencia que estudia las secuencias de anillos de los \u00e1rboles y los \u00e1mbitos de aplicaci\u00f3n que tiene. Se ver\u00e1n algunos ejemplos de cortes transversales de troncos donde podremos distinguir la huella dejada por sequ\u00edas, periodos de lluvias, fuegos o usos del suelo.<\/p>\n<p><strong>Taller 2. El maravilloso mundo de los fluidos<\/strong><\/p>\n<p>A trav\u00e9s de una maqueta, analizaremos c\u00f3mo podemos realizar una gesti\u00f3n sostenible de las aguas subterr\u00e1neas, continentales y costeras. Tambi\u00e9n veremos otras curiosidades sobre fluidos, como el l\u00edquido newtoniano.<\/p>\n<p><strong>Taller 3. Las energ\u00edas del futuro<\/strong><\/p>\n<p>En este taller vamos a ense\u00f1arte distintas energ\u00edas que todav\u00eda no conoces. \u00bfSab\u00edas que hay coches que funcionan con hidr\u00f3geno? \u00bfY combustibles infinitos? Conocer\u00e1s las bases f\u00edsicas de cada una de ellas.<\/p>\n<p>Y dos charlas\u00a0 tituladas:<\/p>\n<p><strong>\u00abLa profesi\u00f3n de Ingeniero Forestal y del Medio Natural\u00bb \u00a0\u00a0<\/strong> y<strong> \u00a0 \u00a0 \u00abJ\u00f3venes talentos\u00bb<\/strong><\/p>\n<p>Nos sentimos complacidos y agradecidos por esta colaboraci\u00f3n que, sin duda, despertar\u00e1\u00a0 m\u00e1s de una vocaci\u00f3n entre nuestros estudiantes.<\/p>\n<p>&nbsp;<\/p>\n","protected":false},"excerpt":{"rendered":"<p>El mi\u00e9rcoles 3 de abril estar\u00e1n en nuestro centro:\u00a0 M. Lourdes L\u00f3pez D\u00edaz,\u00a0 M\u00aa Jes\u00fas Montero Parejo, Guadalupe Arenas Corraliza, [&hellip;]<\/p>\n","protected":false},"author":2,"featured_media":360,"comment_status":"open","ping_status":"open","sticky":false,"template":"","format":"standard","meta":{"footnotes":""},"categories":[1],"tags":[],"_links":{"self":[{"href":"https:\/\/iesmgkorreas.com\/xxiiireunioncientifica2024\/index.php\/wp-json\/wp\/v2\/posts\/358"}],"collection":[{"href":"https:\/\/iesmgkorreas.com\/xxiiireunioncientifica2024\/index.php\/wp-json\/wp\/v2\/posts"}],"about":[{"href":"https:\/\/iesmgkorreas.com\/xxiiireunioncientifica2024\/index.php\/wp-json\/wp\/v2\/types\/post"}],"author":[{"embeddable":true,"href":"https:\/\/iesmgkorreas.com\/xxiiireunioncientifica2024\/index.php\/wp-json\/wp\/v2\/users\/2"}],"replies":[{"embeddable":true,"href":"https:\/\/iesmgkorreas.com\/xxiiireunioncientifica2024\/index.php\/wp-json\/wp\/v2\/comments?post=358"}],"version-history":[{"count":4,"href":"https:\/\/iesmgkorreas.com\/xxiiireunioncientifica2024\/index.php\/wp-json\/wp\/v2\/posts\/358\/revisions"}],"predecessor-version":[{"id":363,"href":"https:\/\/iesmgkorreas.com\/xxiiireunioncientifica2024\/index.php\/wp-json\/wp\/v2\/posts\/358\/revisions\/363"}],"wp:featuredmedia":[{"embeddable":true,"href":"https:\/\/iesmgkorreas.com\/xxiiireunioncientifica2024\/index.php\/wp-json\/wp\/v2\/media\/360"}],"wp:attachment":[{"href":"https:\/\/iesmgkorreas.com\/xxiiireunioncientifica2024\/index.php\/wp-json\/wp\/v2\/media?parent=358"}],"wp:term":[{"taxonomy":"category","embeddable":true,"href":"https:\/\/iesmgkorreas.com\/xxiiireunioncientifica2024\/index.php\/wp-json\/wp\/v2\/categories?post=358"},{"taxonomy":"post_tag","embeddable":true,"href":"https:\/\/iesmgkorreas.com\/xxiiireunioncientifica2024\/index.php\/wp-json\/wp\/v2\/tags?post=358"}],"curies":[{"name":"wp","href":"https:\/\/api.w.org\/{rel}","templated":true}]}}