{"id":308,"date":"2019-03-17T15:15:52","date_gmt":"2019-03-17T15:15:52","guid":{"rendered":"http:\/\/www.iesmgkorreas.com\/xxiiireunioncientificajaraiz\/?p=308"},"modified":"2019-03-17T15:15:52","modified_gmt":"2019-03-17T15:15:52","slug":"nos-visita-raquel-mayordomo","status":"publish","type":"post","link":"https:\/\/iesmgkorreas.com\/xxiiireunioncientifica2024\/index.php\/2019\/03\/17\/nos-visita-raquel-mayordomo\/","title":{"rendered":"Nos visita: RAQUEL MAYORDOMO"},"content":{"rendered":"<p>Ella es la\u00a0Dra. Raquel Mayordomo Acevedo Profesora Titular de Universidad<br \/>\ndel Dpto Anatom\u00eda, Biolog\u00eda Celular y Zoolog\u00eda (UEX). (Grado en Podolog\u00eda.\u00a0Centro Universitario de Plasencia)<\/p>\n<p>Estar\u00e1 con nosotros en el Laboratorio de Biolog\u00eda del IES M G Korreas el pr\u00f3ximo lunes 1 de abril. Impartir\u00e1 dos charlas\/taller a nuestros alumnos de ESO y \u00a0Bachillerato. La primera se titula<em><strong> \u00ab<\/strong><\/em><span style=\"display: inline !important; float: none; background-color: transparent; color: #333333; cursor: text; font-family: Georgia,'Times New Roman','Bitstream Charter',Times,serif; font-size: 16px; font-style: normal; font-variant: normal; font-weight: 400; letter-spacing: normal; orphans: 2; text-align: left; text-decoration: none; text-indent: 0px; text-transform: none; -webkit-text-stroke-width: 0px; white-space: normal; word-spacing: 0px;\"><em><strong>Que dicen tus u\u00f1as de tu salud\u00bb\u00a0<\/strong><\/em> y\u00a0 trata <\/span>sobre la importancia para la salud del estado y cuidado de nuestras u\u00f1as.\u00a0 Seg\u00fan sus propias palabras:\u00a0 \u00abCon un dermatoscopio podemos explorar las u\u00f1as y hacer un juego con modelos de dedos con distintas u\u00f1as para que los alumnos\u00a0 sepan reconocer patolog\u00edas.Nosotros (mi grupo de investigaci\u00f3n, DEDAP), trabajamos\u00a0 en este tema\u00a0 y podemos contarles muchas cosas\u00bb. La segunda consiste en un taller titulado <em><strong>\u00abAntropometr\u00eda y salud\u00bb<\/strong><\/em> , en el que se explica\u00a0 qu\u00e9 es la antropometr\u00eda,\u00a0 qu\u00e9\u00a0 mide y c\u00f3mo\u00a0 podemos calcular el somatotipo de los asistentes. Despu\u00e9s se\u00a0 debatir\u00e1\u00a0 entre los somatotipos saludables y los que se salen de los porcentajes<\/p>\n<p>Es todo un placer y un honor poder contar con esta gran profesora como parte de las actividades que se organizan en nuestro centro\u00a0 durante la semana del 1 al 5 de abril, la semana de esta XXIII Reuni\u00f3n Cient\u00edfica.<\/p>\n<p>Profesora Titular de Universidad en la Universidad de Extremadura (UEx), imparte clases en el Centro Universitario de Plasencia desde el a\u00f1o 1999. Lleva 20 a\u00f1os trabajando como docente universitaria en los cuales ha realizado tambi\u00e9n labores de gesti\u00f3n y organizaci\u00f3n como Subdirectora del Centro Universitario de Plasencia entre 2008 y 2012. Form\u00f3 parte de la comisi\u00f3n encargada de la gesti\u00f3n del II plan de igualdad de la UEx desde 2011 a 2018, en clara intenci\u00f3n de defender lo mejor para todos y todas sin excepci\u00f3n.<\/p>\n<p>Estudi\u00f3 en la UEx y entr\u00f3 en el Sistema de Ciencia y Tecnolog\u00eda siendo becaria de investigaci\u00f3n pre en el a\u00f1o 1992. Trabaj\u00f3 tambi\u00e9n como ayudante de laboratorio en la Finca de La Orden dependiente de la Junta de Extremadura por unos meses desde que termin\u00f3 la tesis doctoral en febrero de 1997 hasta incorporarse como becaria posdoctoral en el Centro Biom\u00e9dico de Uppsala, Suecia, en ese mismo a\u00f1o y hasta su incorporaci\u00f3n a la UEx en 1999. Tambi\u00e9n ha colaborado estrechamente con el Laboratorio 3D: Desarrollo, Diferenciaci\u00f3n y Degeneraci\u00f3n, un grupo de investigaci\u00f3n del Centro de Investigaciones Biol\u00f3gicas del CSIC de Madrid, una vez incorporada como profesora asociada a la UEx en el a\u00f1o 1999. Finalmente consigui\u00f3 su plaza por oposici\u00f3n tambi\u00e9n en la UEx en el a\u00f1o 2011. Actualmente, adem\u00e1s de docencia, dirige un grupo de investigaci\u00f3n (DEDAP, CTS020) catalogado en el GOBEX y en la UEx.<\/p>\n<p>&nbsp;<\/p>\n","protected":false},"excerpt":{"rendered":"<p>Ella es la\u00a0Dra. Raquel Mayordomo Acevedo Profesora Titular de Universidad del Dpto Anatom\u00eda, Biolog\u00eda Celular y Zoolog\u00eda (UEX). (Grado en [&hellip;]<\/p>\n","protected":false},"author":2,"featured_media":309,"comment_status":"open","ping_status":"open","sticky":false,"template":"","format":"standard","meta":{"footnotes":""},"categories":[1],"tags":[],"_links":{"self":[{"href":"https:\/\/iesmgkorreas.com\/xxiiireunioncientifica2024\/index.php\/wp-json\/wp\/v2\/posts\/308"}],"collection":[{"href":"https:\/\/iesmgkorreas.com\/xxiiireunioncientifica2024\/index.php\/wp-json\/wp\/v2\/posts"}],"about":[{"href":"https:\/\/iesmgkorreas.com\/xxiiireunioncientifica2024\/index.php\/wp-json\/wp\/v2\/types\/post"}],"author":[{"embeddable":true,"href":"https:\/\/iesmgkorreas.com\/xxiiireunioncientifica2024\/index.php\/wp-json\/wp\/v2\/users\/2"}],"replies":[{"embeddable":true,"href":"https:\/\/iesmgkorreas.com\/xxiiireunioncientifica2024\/index.php\/wp-json\/wp\/v2\/comments?post=308"}],"version-history":[{"count":7,"href":"https:\/\/iesmgkorreas.com\/xxiiireunioncientifica2024\/index.php\/wp-json\/wp\/v2\/posts\/308\/revisions"}],"predecessor-version":[{"id":322,"href":"https:\/\/iesmgkorreas.com\/xxiiireunioncientifica2024\/index.php\/wp-json\/wp\/v2\/posts\/308\/revisions\/322"}],"wp:featuredmedia":[{"embeddable":true,"href":"https:\/\/iesmgkorreas.com\/xxiiireunioncientifica2024\/index.php\/wp-json\/wp\/v2\/media\/309"}],"wp:attachment":[{"href":"https:\/\/iesmgkorreas.com\/xxiiireunioncientifica2024\/index.php\/wp-json\/wp\/v2\/media?parent=308"}],"wp:term":[{"taxonomy":"category","embeddable":true,"href":"https:\/\/iesmgkorreas.com\/xxiiireunioncientifica2024\/index.php\/wp-json\/wp\/v2\/categories?post=308"},{"taxonomy":"post_tag","embeddable":true,"href":"https:\/\/iesmgkorreas.com\/xxiiireunioncientifica2024\/index.php\/wp-json\/wp\/v2\/tags?post=308"}],"curies":[{"name":"wp","href":"https:\/\/api.w.org\/{rel}","templated":true}]}}