{"id":198,"date":"2019-02-26T21:24:59","date_gmt":"2019-02-26T21:24:59","guid":{"rendered":"http:\/\/www.iesmgkorreas.com\/xxiiireunioncientificajaraiz\/?p=198"},"modified":"2019-03-08T12:31:19","modified_gmt":"2019-03-08T12:31:19","slug":"la-mujer-y-la-nina-en-la-ciencia26-de-febrero-de-2019","status":"publish","type":"post","link":"https:\/\/iesmgkorreas.com\/xxiiireunioncientifica2024\/index.php\/2019\/02\/26\/la-mujer-y-la-nina-en-la-ciencia26-de-febrero-de-2019\/","title":{"rendered":"\u201cLa mujer y la ni\u00f1a en la Ciencia\u201d26 de febrero de 2019"},"content":{"rendered":"<div id='gallery-1' class='gallery galleryid-198 gallery-columns-3 gallery-size-thumbnail'><figure class='gallery-item'>\n\t\t\t<div class='gallery-icon landscape'>\n\t\t\t\t<a href='https:\/\/iesmgkorreas.com\/xxiiireunioncientifica2024\/index.php\/2019\/02\/26\/la-mujer-y-la-nina-en-la-ciencia26-de-febrero-de-2019\/d1b57ab1-72a5-4ee8-8a59-db491b175fff\/'><img loading=\"lazy\" decoding=\"async\" width=\"150\" height=\"150\" src=\"https:\/\/iesmgkorreas.com\/xxiiireunioncientifica2024\/wp-content\/uploads\/2019\/02\/D1B57AB1-72A5-4EE8-8A59-DB491B175FFF-150x150.jpeg\" class=\"attachment-thumbnail size-thumbnail\" alt=\"\" aria-describedby=\"gallery-1-201\" srcset=\"https:\/\/iesmgkorreas.com\/xxiiireunioncientifica2024\/wp-content\/uploads\/2019\/02\/D1B57AB1-72A5-4EE8-8A59-DB491B175FFF-150x150.jpeg 150w, https:\/\/iesmgkorreas.com\/xxiiireunioncientifica2024\/wp-content\/uploads\/2019\/02\/D1B57AB1-72A5-4EE8-8A59-DB491B175FFF-300x300.jpeg 300w\" sizes=\"(max-width: 150px) 100vw, 150px\" \/><\/a>\n\t\t\t<\/div>\n\t\t\t\t<figcaption class='wp-caption-text gallery-caption' id='gallery-1-201'>\n\t\t\t\tMargarita Salas con Marta, Carmen, M\u00f3nica y Carla.\n\t\t\t\t<\/figcaption><\/figure><figure class='gallery-item'>\n\t\t\t<div class='gallery-icon portrait'>\n\t\t\t\t<a href='https:\/\/iesmgkorreas.com\/xxiiireunioncientifica2024\/index.php\/2019\/02\/26\/la-mujer-y-la-nina-en-la-ciencia26-de-febrero-de-2019\/29fb5527-144e-4480-9255-edd444b33d36\/'><img loading=\"lazy\" decoding=\"async\" width=\"150\" height=\"150\" src=\"https:\/\/iesmgkorreas.com\/xxiiireunioncientifica2024\/wp-content\/uploads\/2019\/02\/29FB5527-144E-4480-9255-EDD444B33D36-150x150.jpeg\" class=\"attachment-thumbnail size-thumbnail\" alt=\"\" aria-describedby=\"gallery-1-200\" srcset=\"https:\/\/iesmgkorreas.com\/xxiiireunioncientifica2024\/wp-content\/uploads\/2019\/02\/29FB5527-144E-4480-9255-EDD444B33D36-150x150.jpeg 150w, https:\/\/iesmgkorreas.com\/xxiiireunioncientifica2024\/wp-content\/uploads\/2019\/02\/29FB5527-144E-4480-9255-EDD444B33D36-300x300.jpeg 300w\" sizes=\"(max-width: 150px) 100vw, 150px\" \/><\/a>\n\t\t\t<\/div>\n\t\t\t\t<figcaption class='wp-caption-text gallery-caption' id='gallery-1-200'>\n\t\t\t\tMargarita Salas y M\u00edriam Garc\u00eda\n\t\t\t\t<\/figcaption><\/figure><figure class='gallery-item'>\n\t\t\t<div class='gallery-icon portrait'>\n\t\t\t\t<a href='https:\/\/iesmgkorreas.com\/xxiiireunioncientifica2024\/index.php\/2019\/02\/26\/la-mujer-y-la-nina-en-la-ciencia26-de-febrero-de-2019\/0f2046f7-7c05-405e-ae2c-53d465eaab9d\/'><img loading=\"lazy\" decoding=\"async\" width=\"150\" height=\"150\" src=\"https:\/\/iesmgkorreas.com\/xxiiireunioncientifica2024\/wp-content\/uploads\/2019\/02\/0F2046F7-7C05-405E-AE2C-53D465EAAB9D-150x150.jpeg\" class=\"attachment-thumbnail size-thumbnail\" alt=\"\" aria-describedby=\"gallery-1-199\" srcset=\"https:\/\/iesmgkorreas.com\/xxiiireunioncientifica2024\/wp-content\/uploads\/2019\/02\/0F2046F7-7C05-405E-AE2C-53D465EAAB9D-150x150.jpeg 150w, https:\/\/iesmgkorreas.com\/xxiiireunioncientifica2024\/wp-content\/uploads\/2019\/02\/0F2046F7-7C05-405E-AE2C-53D465EAAB9D-300x300.jpeg 300w\" sizes=\"(max-width: 150px) 100vw, 150px\" \/><\/a>\n\t\t\t<\/div>\n\t\t\t\t<figcaption class='wp-caption-text gallery-caption' id='gallery-1-199'>\n\t\t\t\t M Victoria Gil y Margarita Salas  conversando con la directora del M G Korreas, M\u00edriam Garc\u00eda, y algunas de las estudiantes de 2 \u00ba de Bachillerato que cursan Biolog\u00eda, seguramente futuras cient\u00edficas. \n\n\t\t\t\t<\/figcaption><\/figure>\n\t\t<\/div>\n\n<p>Por tercer a\u00f1o consecutivo, la Universidad de Extremadura y FUNDECYT-PCTEx organizan un programa conmemorativo este mes de febrero con motivo del D\u00eda Internacional de la Mujer y la Ni\u00f1a en la Ciencia. Esta ma\u00f1ana, hemos tenido el privilegio de escuchar a la magn\u00edfica comunicadora de la Ciencia que es M Victoria Gil \u00c1lvarez, conduciendo<span class=\"Apple-converted-space\">\u00a0 <\/span>el acto<span class=\"Apple-converted-space\">\u00a0 <\/span>dedicado al papel de la mujer en la ciencia. Un sabroso anticipo de lo que nos espera el 4 de abril,<span class=\"Apple-converted-space\">\u00a0 <\/span>cuando nos visite e imparta la Conferencia Inaugural de nuestra XXIII Reuni\u00f3n Cient\u00edfica Jara\u00edz 2019.<\/p>\n<p>Desde luego hoy ha sido un d\u00eda muy especial para los estudiantes de ciencias<span class=\"Apple-converted-space\">\u00a0 <\/span>del IES Maestro Gonzalo Korreas. Adem\u00e1s<span class=\"Apple-converted-space\">\u00a0 <\/span>de lo antedicho, hoy ha sido el d\u00eda en que hemos conocido a Margarita Salas,<span class=\"Apple-converted-space\">\u00a0 <\/span>la madre de la biolog\u00eda molecular espa\u00f1ola. Una leyenda viva que ha encandilado a los alumnos y profesores que hemos asistido<span class=\"Apple-converted-space\">\u00a0 <\/span>esta ma\u00f1ana a su mesa redonda \u201cLa mujer y la ni\u00f1a en la Ciencia \u201c en el aula magna de la facultad de ciencias empresariales en el campus de la Universidad de Extremadura en Badajoz. Impagable. Toda ella sabidur\u00eda y humildad a<span class=\"Apple-converted-space\">\u00a0 <\/span>partes iguales.<span class=\"Apple-converted-space\">\u00a0<\/span><\/p>\n<p>\u00bfSe puede pedir m\u00e1s?<\/p>\n<p>&nbsp;<\/p>\n","protected":false},"excerpt":{"rendered":"<p>Por tercer a\u00f1o consecutivo, la Universidad de Extremadura y FUNDECYT-PCTEx organizan un programa conmemorativo este mes de febrero con motivo [&hellip;]<\/p>\n","protected":false},"author":2,"featured_media":201,"comment_status":"open","ping_status":"open","sticky":false,"template":"","format":"standard","meta":{"footnotes":""},"categories":[1],"tags":[],"_links":{"self":[{"href":"https:\/\/iesmgkorreas.com\/xxiiireunioncientifica2024\/index.php\/wp-json\/wp\/v2\/posts\/198"}],"collection":[{"href":"https:\/\/iesmgkorreas.com\/xxiiireunioncientifica2024\/index.php\/wp-json\/wp\/v2\/posts"}],"about":[{"href":"https:\/\/iesmgkorreas.com\/xxiiireunioncientifica2024\/index.php\/wp-json\/wp\/v2\/types\/post"}],"author":[{"embeddable":true,"href":"https:\/\/iesmgkorreas.com\/xxiiireunioncientifica2024\/index.php\/wp-json\/wp\/v2\/users\/2"}],"replies":[{"embeddable":true,"href":"https:\/\/iesmgkorreas.com\/xxiiireunioncientifica2024\/index.php\/wp-json\/wp\/v2\/comments?post=198"}],"version-history":[{"count":4,"href":"https:\/\/iesmgkorreas.com\/xxiiireunioncientifica2024\/index.php\/wp-json\/wp\/v2\/posts\/198\/revisions"}],"predecessor-version":[{"id":261,"href":"https:\/\/iesmgkorreas.com\/xxiiireunioncientifica2024\/index.php\/wp-json\/wp\/v2\/posts\/198\/revisions\/261"}],"wp:featuredmedia":[{"embeddable":true,"href":"https:\/\/iesmgkorreas.com\/xxiiireunioncientifica2024\/index.php\/wp-json\/wp\/v2\/media\/201"}],"wp:attachment":[{"href":"https:\/\/iesmgkorreas.com\/xxiiireunioncientifica2024\/index.php\/wp-json\/wp\/v2\/media?parent=198"}],"wp:term":[{"taxonomy":"category","embeddable":true,"href":"https:\/\/iesmgkorreas.com\/xxiiireunioncientifica2024\/index.php\/wp-json\/wp\/v2\/categories?post=198"},{"taxonomy":"post_tag","embeddable":true,"href":"https:\/\/iesmgkorreas.com\/xxiiireunioncientifica2024\/index.php\/wp-json\/wp\/v2\/tags?post=198"}],"curies":[{"name":"wp","href":"https:\/\/api.w.org\/{rel}","templated":true}]}}