{"id":950,"date":"2025-05-19T17:57:07","date_gmt":"2025-05-19T17:57:07","guid":{"rendered":"https:\/\/iesmgkorreas.com\/revistasapereaude2024\/?p=950"},"modified":"2025-05-22T14:47:12","modified_gmt":"2025-05-22T14:47:12","slug":"soy-samir","status":"publish","type":"post","link":"https:\/\/iesmgkorreas.com\/revistasapereaude2024\/?p=950","title":{"rendered":"Soy Samir, refugiado afgano y esta es mi historia&#8230;"},"content":{"rendered":"\n<div class=\"wp-block-group is-layout-constrained wp-block-group-is-layout-constrained\">\n                \n                    <!--begin code -->\n\n                    \n                    <div class=\"pp-multiple-authors-boxes-wrapper pp-multiple-authors-wrapper pp-multiple-authors-layout-simple_list multiple-authors-target-shortcode box-post-id-591 box-instance-id-1 ppma_boxes_591\"\n                    data-post_id=\"591\"\n                    data-instance_id=\"1\"\n                    data-additional_class=\"pp-multiple-authors-layout-simple_list.multiple-authors-target-shortcode\"\n                    data-original_class=\"pp-multiple-authors-boxes-wrapper pp-multiple-authors-wrapper box-post-id-591 box-instance-id-1\">\n                                                <span class=\"ppma-layout-prefix\"><\/span>\n                        <div class=\"ppma-author-category-wrap\">\n                                                                                                                                    <span class=\"ppma-category-group ppma-category-group-1 category-index-0\">\n                                                                                                                        <ul class=\"pp-multiple-authors-boxes-ul author-ul-0\">\n                                                                                                                                                                                                                                                                                                                                                            \n                                                                                                                    <li class=\"pp-multiple-authors-boxes-li author_index_0 author_soldedad-falero has-avatar\">\n                                                                                                                                                                                    <div class=\"pp-author-boxes-avatar\">\n                                                                    <div class=\"avatar-image\">\n                                                                                                                                                                                                                <img alt='Guadalupe Castuera' src='https:\/\/secure.gravatar.com\/avatar\/3603b9777e267b0a841ca3cc86b26430fa9e5b85eae5df40d74eb3eb9c173982?s=35&#038;d=mm&#038;r=g' srcset='https:\/\/secure.gravatar.com\/avatar\/3603b9777e267b0a841ca3cc86b26430fa9e5b85eae5df40d74eb3eb9c173982?s=70&#038;d=mm&#038;r=g 2x' class='avatar avatar-35 photo' height='35' width='35' \/>                                                                                                                                                                                                            <\/div>\n                                                                                                                                    <\/div>\n                                                            \n                                                            <div class=\"pp-author-boxes-avatar-details\">\n                                                                <div class=\"pp-author-boxes-name multiple-authors-name\"><a href=\"https:\/\/iesmgkorreas.com\/revistasapereaude2024\/?author=211\" rel=\"author\" title=\"Guadalupe Castuera\" class=\"author url fn\">Guadalupe Castuera<\/a><\/div>                                                                                                                                                                                                \n                                                                                                                                \n                                                                                                                            <\/div>\n                                                                                                                                                                                                                        <\/li>\n                                                                                                                                                                                                                                                                                        <\/ul>\n                                                                            <\/span>\n                                                                                                                        <\/div>\n                        <span class=\"ppma-layout-suffix\"><\/span>\n                                            <\/div>\n                    <!--end code -->\n                    \n                \n                            \n        <\/div>\n\n\n\n<blockquote class=\"wp-block-quote is-layout-flow wp-block-quote-is-layout-flow\">\n<h3 class=\"wp-block-heading\"><span style=\"color: #0000ff;\">\u00ab<em>No solo los vivos son asesinados en las guerras<\/em>\u00ab, Isaac Asimov.<\/span><\/h3>\n<\/blockquote>\n\n\n\n<p class=\"has-text-align-left\"><span style=\"color: #000000;\">Nos disponemos a participar en la edici\u00f3n n\u00ba 7 de Sapere Aude. Tenemos por delante la complicada tarea de decidir qu\u00e9 tema vamos a trabajar este curso. Una conversaci\u00f3n entre dos o tres alumnos llama la atenci\u00f3n de la profesora, les pide silencio y atenci\u00f3n. Uno de ellos dice: \u00abEs que Samir dice que&#8230;\u00bb Acabamos de descubrir que nuestro compa\u00f1ero de pupitre no solo no ha nacido en Espa\u00f1a, eso es algo a lo que estamos acostumbrados, es que Samir tiene una historia de vida dolorosa y asombrosa: es refugiado de guerra afgano.<\/span><\/p>\n\n\n\n<p><span style=\"color: #000000;\">Ya tenemos TEMA. Samir tiene que contarnos su historia, es necesario que sepamos c\u00f3mo se siente y que demos voz a su situaci\u00f3n. Hablar le sentar\u00e1 bien y nosotros tomaremos conciencia de todo por lo que ha pasado. Le haremos una entrevista.<\/span><\/p>\n\n\n\n<ul class=\"wp-block-list\">\n<li><span style=\"color: #0000ff;\"><strong>Hola Samir, \u00bfc\u00f3mo est\u00e1s?<\/strong><\/span> <span style=\"color: #000000;\">\u00a1Hola! Estoy bien gracias, un poco nervioso porque esta semana se casa mi hermana, all\u00e1 en Kabul, me gustar\u00eda estar all\u00ed, pero&#8230;<\/span><\/li>\n\n\n\n<li><span style=\"color: #0000ff;\"><strong>\u00a1Oh, vaya! Seguro que echas mucho de menos a tu familia, entendemos que puedas estar un poco triste y a la vez feliz por tu hermana. Samir, comencemos por saber c\u00f3mo era un d\u00eda normal en Kabul antes de la llegada de los talibanes, \u00bfqu\u00e9 recuerdos tienes?<\/strong><\/span><span style=\"color: #000000;\"> Pues, mira. Viv\u00eda en casa de mis padres, junto con mis hermanos, somos seis. Iba al colegio a las 08:00 y sal\u00eda a almorzar a las 11:30. No ten\u00eda que volver al cole hasta las 16:00, as\u00ed es que ten\u00eda tiempo para estar con mis amigos y mi familia. Luego, a las 18:00 sal\u00eda del colegio, pero ya no andaba por la calle, regresaba a casa, cenaba, estaba con mis hermanos y mis padres&#8230; All\u00ed los coles no son como aqu\u00ed, all\u00ed los chicos y las chicas \u00edbamos a colegios separados. Yo ten\u00eda muchos amigos, mi pandilla era de unos 18 o 20 chicos.<\/span><\/li>\n\n\n\n<li><span style=\"color: #0000ff;\"><strong>Y, \u00bfqu\u00e9 sue\u00f1os ten\u00edas? <\/strong><\/span><span style=\"color: #000000;\">\u00a1Uf! La verdad es que era un poco peque\u00f1o, me gustaba mucho salir con mis amigos y subir a las monta\u00f1as. All\u00ed hab\u00eda tanques abandonados de cuando estuvieron los sovi\u00e9ticos y me gustaba ir a jugar con ellos. Confieso que alguna clase me saltaba&#8230; Recuerdo tambi\u00e9n, que, aunque era peque\u00f1o, me gustaba la idea de ser militar, pero era solo una idea.<\/span><\/li>\n\n\n\n<li><span style=\"color: #0000ff;\"><strong>Llegan los talibanes, \u00bfc\u00f3mo supiste que volv\u00edan? \u00bfQu\u00e9 cambios notaste en tu familia, en Kabul, entre la gente? <\/strong><\/span><span style=\"color: #000000;\">La verdad es que ya todos sab\u00edamos que iban a regresar. Lo dec\u00edan en la TV y todo el mundo lo sab\u00eda. Los talibanes tardaron una semana en llegar hasta Kabul, donde viv\u00eda con mi familia, que es la capital del pa\u00eds. Desde que salieron los americanos todos sab\u00edamos que volver\u00edan. Los cambios no fueron bruscos, fueron lentos y b\u00e1sicamente not\u00e9 que, durante la semana que tardaron en llegar hasta Kabul, hab\u00eda muy poco tr\u00e1fico, hab\u00eda poca gente por las calles, hab\u00eda como una tristeza en todos lados que dol\u00eda. En casa, mi padre nos dijo que mantuvi\u00e9ramos la calma y que fu\u00e9ramos discretos, nada m\u00e1s.<\/span><\/li>\n\n\n\n<li><span style=\"color: #0000ff;\"><strong>Y, \u00bfqu\u00e9 pas\u00f3 con tu escuela?<\/strong><\/span><span style=\"color: #000000;\"> Pues no volv\u00ed, se cerr\u00f3 durante cuatro o cinco meses. Luego la han vuelto a abrir, pero con cambios.<\/span><\/li>\n\n\n\n<li><span style=\"color: #0000ff;\"><strong>Samir, nos dices que ya est\u00e1n los talibanes en Kabul, \u00bfte sentiste inseguro en alg\u00fan momento? \u00bfSucedi\u00f3 algo que te marcara especialmente?<\/strong><\/span><span style=\"color: #000000;\">&nbsp;Pues la verdad es que no. Mi padre nos hac\u00eda sentir lo mejor posible, nos ped\u00eda calma y nos daba tranquilidad, adem\u00e1s yo decid\u00ed salir r\u00e1pidamente del pa\u00eds y casi no estuve all\u00ed cuando llegaron los talibanes, por eso no recuerdo casi nada, y nada especial, la verdad.<\/span><\/li>\n\n\n\n<li><span style=\"color: #0000ff;\"><strong>Es decir, decides muy pronto que quieres salir del pa\u00eds, \u00bfpor qu\u00e9, qu\u00e9 te llev\u00f3 a querer salir de all\u00ed?<\/strong><\/span> <span style=\"color: #000000;\">Pues, hab\u00eda o\u00eddo que los talibanes imponen sus ideas con las armas y sembrando miedo, y yo no quer\u00eda vivir as\u00ed. No quer\u00eda estar en un lugar donde me proh\u00edban hacer cosas que son normales. Prohibieron ir a la escuela, aunque luego han abierto algunas, pero tienes que estudiar lo que ellos te digan; no puedes llevar pantal\u00f3n corto, si eres chico debes llevar barba y no puedes trabajar con mujeres; no puedes llevar tatuajes y a las 10:00 todo el mundo debe estar en su casa. Y para las chicas es peor. No pueden salir solas a la calle, si no van con un familiar, adulto y var\u00f3n; no pueden estudiar, solo hasta los 10 o 12 a\u00f1os; no pueden trabajar y no pueden ser atendidas por un m\u00e9dico que sea hombre. Nadie puede expresar sus ideas libremente, si lo haces puedes meterte en un l\u00edo, incluso pueden llevarte a la c\u00e1rcel y torturarte. Desde que han llegado los talibanes hay muy poco trabajo y hay m\u00e1s pobreza en mi pa\u00eds. Por todo esto decid\u00ed salir de all\u00ed.<\/span><\/li>\n\n\n\n<li><span style=\"color: #0000ff;\"><strong>\u00bfC\u00f3mo fue tu salida, te enfrentaste a alg\u00fan peligro o dificultad? <\/strong><span style=\"color: #000000;\">Pues, la verdad es que fue muy r\u00e1pida. Yo solo estuve un par de d\u00edas conviviendo con los talibanes. Mira, mi t\u00edo trabajaba para la embajada espa\u00f1ola y el Gobierno de Espa\u00f1a ofreci\u00f3 ayuda a toda la gente que estaba trabajando para ellos. Envi\u00f3 un avi\u00f3n de las Fuerzas A\u00e9reas Espa\u00f1olas para que todas las personas que estuvieran trabajando para ellos y que quisieran salir de Afganist\u00e1n pudieran hacerlo de forma segura. Mi t\u00edo y su familia decidieron salir del pa\u00eds, y yo, con el permiso de mis padres, decid\u00ed irme con mi t\u00edo, no quer\u00eda estar all\u00ed en esas condiciones. Creo que mi padre no pens\u00f3 nunca que pudiera conseguirlo, no era consciente de que me iba a ir. Estuvimos un d\u00eda y una noche enteras esperando en el aeropuerto, estaba lleno de personas que quer\u00edan volar lejos, incluso explot\u00f3 una bomba cuando est\u00e1bamos all\u00ed. Pasamos un primer control porque mi t\u00edo dijo que yo era hijo suyo, pero al intentar pasar el segundo los militares ten\u00edan una lista con los nombres de las personas que formaban cada familia y yo no aparec\u00eda en aquella lista. La verdad es que tuve un poco de miedo, pero estaba all\u00ed UNICEF y ellos dialogaron con los espa\u00f1oles y, al final, no hubo ning\u00fan problema, me dejaron pasar aquel segundo control. Luego, a otro primo que tambi\u00e9n ven\u00eda con nosotros y a m\u00ed nos preguntaron que a d\u00f3nde quer\u00edamos volar. Yo siempre hab\u00eda querido ir a los Estados Unidos, pero al final decidimos subir al avi\u00f3n que nos tra\u00eda a Espa\u00f1a con mi t\u00edo.\u00a0<\/span><\/span><\/li>\n\n\n\n<li><span style=\"color: #0000ff;\"><strong>\u00a1Uf! No s\u00e9 c\u00f3mo hubiera actuado estando en tu lugar, Samir, \u00bfqu\u00e9 sentiste al dejar atr\u00e1s a tu familia, a tus amigos&#8230;? <\/strong><span style=\"color: #000000;\">La verdad, los recuerdos se mezclan. Pues miedo, pena, pero tambi\u00e9n curiosidad por saber qu\u00e9 me encontrar\u00eda en Espa\u00f1a, c\u00f3mo ser\u00eda mi vida aqu\u00ed. Un poco una mezcla de todo.<\/span><\/span><\/li>\n\n\n\n<li><span style=\"color: #0000ff;\"><strong>Y, \u00bfrecibiste alguna otra ayuda, adem\u00e1s de la de tus t\u00edos y el Gobierno de Espa\u00f1a? <\/strong><span style=\"color: #000000;\">Pues, s\u00ed, claro. Aqu\u00ed vivo en un piso de la Junta, recibo su ayuda, claro. Adem\u00e1s tambi\u00e9n tengo apoyo de otras personas que me ayudan estar aqu\u00ed, a adaptarme, a pasar buenos ratos con ellos y su familia. S\u00ed, s\u00ed tengo ayuda y apoyo.&nbsp;<\/span><\/span><\/li>\n\n\n\n<li><span style=\"color: #0000ff;\"><strong>Ahora est\u00e1s aqu\u00ed, en Espa\u00f1a, bueno con nosotros en Plasencia, \u00bfte ha costado adaptarte? \u00bfQu\u00e9 es lo que m\u00e1s echas de menos? <\/strong><span style=\"color: #000000;\">Pues s\u00ed, un poco s\u00ed. Aqu\u00ed se vive de forma muy diferente. Es verdad que el cambio es un poco a mejor, porque aqu\u00ed hay m\u00e1s libertad para todo, pero la lengua, como ves a\u00fan no la domino, me cuesta, entiendo mucho, pero me cuesta m\u00e1s hablar o escribir. La comida, est\u00e1 bien, pero claro yo ten\u00eda otra comida all\u00ed. Me gusta el tiempo, all\u00ed hac\u00eda m\u00e1s fr\u00edo, y eso me gusta. Echo mucho de menos a mi familia y estar con mis amigos, eso es verdad, lo echo mucho de menos.<\/span><\/span><\/li>\n\n\n\n<li><span style=\"color: #0000ff;\"><strong>Y, \u00bflo que menos te ha costado?<\/strong><span style=\"color: #000000;\"> Pues a vivir en general porque aqu\u00ed sois abiertos, habl\u00e1is enseguida con las personas, sois alegres y eso est\u00e1 muy bien. La forma de ser de la gente de aqu\u00ed te ayuda mucho en este cambio. \u00a1Ah! Y la libertad, aqu\u00ed me siento muy libre.<\/span><\/span><\/li>\n\n\n\n<li><span style=\"color: #0000ff;\"><strong>Samir, y para terminar, \u00bfqu\u00e9 sue\u00f1os tienes ahora, qu\u00e9 deseas para tu futuro?<\/strong><span style=\"color: #000000;\"> Pues la verdad, tengo la esperanza de que todo cambie en mi pa\u00eds y poder volver. Antes, solo quer\u00eda salir de all\u00ed, pero ahora pienso cada d\u00eda m\u00e1s en poder volver. Pero antes me gustar\u00eda estudiar para ser pol\u00edtico o diplom\u00e1tico y poder trabajar para mejorar la vida de la gente de mi pa\u00eds. Me gustar\u00eda ir a los Estados Unidos tambi\u00e9n, siempre he querido ir all\u00ed y luego volver a Afganist\u00e1n, pero para cambiar c\u00f3mo est\u00e1 ahora, para hacer que todos tengamos los mismos derechos y podamos vivir en paz y con libertad.<\/span><\/span><\/li>\n<\/ul>\n\n\n\n<p><span style=\"color: #000000;\">Como compa\u00f1eros de Samir y como ciudadanos del mundo deseamos que todas las personas puedan vivir en paz sin temor a expresar sus ideas libremente. Hemos tenido conciencia de la importancia de cuidar nuestros derechos, de lo fr\u00e1gil que puede ser una vida, que parece que nunca va cambiar, pero puede hacerlo, de forma r\u00e1pida y brusca.<\/span><\/p>\n\n\n\n<p><span style=\"color: #000000;\">Nos gustar\u00eda recordar la importancia de una buena educaci\u00f3n, basada en valores como el respeto, la empat\u00eda y la libertad, valores imprescindibles para una sociedad como la que deseamos para todos.<\/span><\/p>\n\n\n\n<p>&nbsp;<\/p>\n\n\n\n<div class=\"wp-block-group is-layout-constrained wp-block-group-is-layout-constrained\">\n<div class=\"wp-block-uagb-image uagb-block-2adff77e wp-block-uagb-image--layout-default wp-block-uagb-image--effect-static wp-block-uagb-image--align-none\"><figure class=\"wp-block-uagb-image__figure\"><img loading=\"lazy\" decoding=\"async\" srcset=\"https:\/\/iesmgkorreas.com\/revistasapereaude2024\/wp-content\/uploads\/2025\/05\/Captura-de-pantalla-2025-05-19-a-las-19.45.13-1024x449.png ,https:\/\/iesmgkorreas.com\/revistasapereaude2024\/wp-content\/uploads\/2025\/05\/Captura-de-pantalla-2025-05-19-a-las-19.45.13.png 780w, https:\/\/iesmgkorreas.com\/revistasapereaude2024\/wp-content\/uploads\/2025\/05\/Captura-de-pantalla-2025-05-19-a-las-19.45.13.png 360w\" sizes=\"auto, (max-width: 480px) 150px\" src=\"https:\/\/iesmgkorreas.com\/revistasapereaude2024\/wp-content\/uploads\/2025\/05\/Captura-de-pantalla-2025-05-19-a-las-19.45.13-1024x449.png\" alt=\"\" class=\"uag-image-1429\" width=\"1024\" height=\"449\" title=\"Captura de pantalla 2025-05-19 a las 19.45.13\" loading=\"lazy\" role=\"img\"\/><\/figure><\/div>\n\n\n\n<p><em>Esta entrevista se ha realizado por el alumnado de 2\u00ba -A de la ESO del IES Sierra de Santa B\u00e1rbara de Plasencia.<\/em><\/p>\n<\/div>\n\n\n\n<p><\/p>\n\n\n\n<p><\/p>\n","protected":false},"excerpt":{"rendered":"<p>\u00abNo solo los vivos son asesinados en las guerras\u00ab, Isaac Asimov. Nos disponemos a participar<\/p>\n","protected":false},"author":23,"featured_media":1430,"comment_status":"open","ping_status":"open","sticky":false,"template":"","format":"standard","meta":{"_uag_custom_page_level_css":"","footnotes":""},"categories":[14,5,23,9,26],"tags":[180,183,117,59,182,185,184],"ppma_author":[140],"class_list":["post-950","post","type-post","status-publish","format-standard","has-post-thumbnail","hentry","category-accion-por-la-paz","category-educacion","category-historia","category-paz-y-justicia","category-portada","tag-accion-por-la-paz","tag-educacion-de-calidad","tag-entrevista","tag-ies-sierra-de-santa-barbara","tag-maria-guadalupe-castuera-redondo","tag-paz","tag-reduccion-de-las-desigualdades"],"uagb_featured_image_src":{"full":["https:\/\/iesmgkorreas.com\/revistasapereaude2024\/wp-content\/uploads\/2025\/05\/Captura-de-pantalla-2025-05-14-a-las-19.54.01-1.png",1450,886,false],"thumbnail":["https:\/\/iesmgkorreas.com\/revistasapereaude2024\/wp-content\/uploads\/2025\/05\/Captura-de-pantalla-2025-05-14-a-las-19.54.01-1-150x150.png",150,150,true],"medium":["https:\/\/iesmgkorreas.com\/revistasapereaude2024\/wp-content\/uploads\/2025\/05\/Captura-de-pantalla-2025-05-14-a-las-19.54.01-1-300x183.png",300,183,true],"medium_large":["https:\/\/iesmgkorreas.com\/revistasapereaude2024\/wp-content\/uploads\/2025\/05\/Captura-de-pantalla-2025-05-14-a-las-19.54.01-1-768x469.png",640,391,true],"large":["https:\/\/iesmgkorreas.com\/revistasapereaude2024\/wp-content\/uploads\/2025\/05\/Captura-de-pantalla-2025-05-14-a-las-19.54.01-1-1024x626.png",640,391,true],"1536x1536":["https:\/\/iesmgkorreas.com\/revistasapereaude2024\/wp-content\/uploads\/2025\/05\/Captura-de-pantalla-2025-05-14-a-las-19.54.01-1.png",1450,886,false],"2048x2048":["https:\/\/iesmgkorreas.com\/revistasapereaude2024\/wp-content\/uploads\/2025\/05\/Captura-de-pantalla-2025-05-14-a-las-19.54.01-1.png",1450,886,false],"elegant-magazine-featured":["https:\/\/iesmgkorreas.com\/revistasapereaude2024\/wp-content\/uploads\/2025\/05\/Captura-de-pantalla-2025-05-14-a-las-19.54.01-1-1024x626.png",1024,626,true],"elegant-magazine-medium":["https:\/\/iesmgkorreas.com\/revistasapereaude2024\/wp-content\/uploads\/2025\/05\/Captura-de-pantalla-2025-05-14-a-las-19.54.01-1-720x380.png",720,380,true],"elegant-magazine-medium-small":["https:\/\/iesmgkorreas.com\/revistasapereaude2024\/wp-content\/uploads\/2025\/05\/Captura-de-pantalla-2025-05-14-a-las-19.54.01-1-300x200.png",300,200,true],"elegant-magazine-thumbnail-small":["https:\/\/iesmgkorreas.com\/revistasapereaude2024\/wp-content\/uploads\/2025\/05\/Captura-de-pantalla-2025-05-14-a-las-19.54.01-1-50x50.png",50,50,true]},"uagb_author_info":{"display_name":"Guadalupe Castuera","author_link":"https:\/\/iesmgkorreas.com\/revistasapereaude2024\/?author=23"},"uagb_comment_info":2,"uagb_excerpt":"\u00abNo solo los vivos son asesinados en las guerras\u00ab, Isaac Asimov. Nos disponemos a participar","authors":[{"term_id":140,"user_id":211,"is_guest":0,"slug":"soldedad-falero","display_name":"Guadalupe Castuera","avatar_url":"https:\/\/secure.gravatar.com\/avatar\/3603b9777e267b0a841ca3cc86b26430fa9e5b85eae5df40d74eb3eb9c173982?s=96&d=mm&r=g","0":null,"1":"","2":"","3":"","4":"","5":"","6":"","7":"","8":""}],"_links":{"self":[{"href":"https:\/\/iesmgkorreas.com\/revistasapereaude2024\/index.php?rest_route=\/wp\/v2\/posts\/950","targetHints":{"allow":["GET"]}}],"collection":[{"href":"https:\/\/iesmgkorreas.com\/revistasapereaude2024\/index.php?rest_route=\/wp\/v2\/posts"}],"about":[{"href":"https:\/\/iesmgkorreas.com\/revistasapereaude2024\/index.php?rest_route=\/wp\/v2\/types\/post"}],"author":[{"embeddable":true,"href":"https:\/\/iesmgkorreas.com\/revistasapereaude2024\/index.php?rest_route=\/wp\/v2\/users\/23"}],"replies":[{"embeddable":true,"href":"https:\/\/iesmgkorreas.com\/revistasapereaude2024\/index.php?rest_route=%2Fwp%2Fv2%2Fcomments&post=950"}],"version-history":[{"count":27,"href":"https:\/\/iesmgkorreas.com\/revistasapereaude2024\/index.php?rest_route=\/wp\/v2\/posts\/950\/revisions"}],"predecessor-version":[{"id":1516,"href":"https:\/\/iesmgkorreas.com\/revistasapereaude2024\/index.php?rest_route=\/wp\/v2\/posts\/950\/revisions\/1516"}],"wp:featuredmedia":[{"embeddable":true,"href":"https:\/\/iesmgkorreas.com\/revistasapereaude2024\/index.php?rest_route=\/wp\/v2\/media\/1430"}],"wp:attachment":[{"href":"https:\/\/iesmgkorreas.com\/revistasapereaude2024\/index.php?rest_route=%2Fwp%2Fv2%2Fmedia&parent=950"}],"wp:term":[{"taxonomy":"category","embeddable":true,"href":"https:\/\/iesmgkorreas.com\/revistasapereaude2024\/index.php?rest_route=%2Fwp%2Fv2%2Fcategories&post=950"},{"taxonomy":"post_tag","embeddable":true,"href":"https:\/\/iesmgkorreas.com\/revistasapereaude2024\/index.php?rest_route=%2Fwp%2Fv2%2Ftags&post=950"},{"taxonomy":"author","embeddable":true,"href":"https:\/\/iesmgkorreas.com\/revistasapereaude2024\/index.php?rest_route=%2Fwp%2Fv2%2Fppma_author&post=950"}],"curies":[{"name":"wp","href":"https:\/\/api.w.org\/{rel}","templated":true}]}}