{"id":915,"date":"2020-02-28T13:15:40","date_gmt":"2020-02-28T12:15:40","guid":{"rendered":"http:\/\/iesmgkorreas.com\/normamentira\/?p=915"},"modified":"2020-02-28T13:15:40","modified_gmt":"2020-02-28T12:15:40","slug":"bel-ami-la-presse","status":"publish","type":"post","link":"https:\/\/iesmgkorreas.com\/normaliza2024\/index.php\/2020\/02\/28\/bel-ami-la-presse\/","title":{"rendered":"Bel-Ami : la presse"},"content":{"rendered":"\n<p>Le monde de la presse est aussi li\u00e9 aux mensonges. Voil\u00e0 un livre tr\u00e8s int\u00e9ressant sur la presse dans <em>Bel-Ami<\/em>: \u00abRealidad y ficci\u00f3n period\u00edstica en la obra Bel-Ami de Guy de Maupassant\u00bb, de Ruth Rodr\u00edguez Mart\u00ednez, revista An\u00e1lisi 33, universidad Pompeu Fabra, Barcelona, 2006 p.171-179 et le livre de G\u00e9rard D\u00e9laisement , <em>Maupassant journaliste et chroniqueur <\/em>, ed. Albin Michel, Paris, 1956.<\/p>\n","protected":false},"excerpt":{"rendered":"<p>Le monde de la presse est aussi li\u00e9 aux mensonges. Voil\u00e0 un livre tr\u00e8s int\u00e9ressant sur la presse dans Bel-Ami: \u00abRealidad y ficci\u00f3n period\u00edstica en la obra Bel-Ami de Guy&#8230; <a href=\"https:\/\/iesmgkorreas.com\/normaliza2024\/index.php\/2020\/02\/28\/bel-ami-la-presse\/\">Continuar leyendo &#8230;  &raquo;<\/a><\/p>\n","protected":false},"author":16,"featured_media":0,"comment_status":"open","ping_status":"open","sticky":false,"template":"","format":"standard","meta":{"footnotes":""},"categories":[1],"tags":[],"class_list":["post-915","post","type-post","status-publish","format-standard","hentry","category-nousar"],"_links":{"self":[{"href":"https:\/\/iesmgkorreas.com\/normaliza2024\/index.php\/wp-json\/wp\/v2\/posts\/915","targetHints":{"allow":["GET"]}}],"collection":[{"href":"https:\/\/iesmgkorreas.com\/normaliza2024\/index.php\/wp-json\/wp\/v2\/posts"}],"about":[{"href":"https:\/\/iesmgkorreas.com\/normaliza2024\/index.php\/wp-json\/wp\/v2\/types\/post"}],"author":[{"embeddable":true,"href":"https:\/\/iesmgkorreas.com\/normaliza2024\/index.php\/wp-json\/wp\/v2\/users\/16"}],"replies":[{"embeddable":true,"href":"https:\/\/iesmgkorreas.com\/normaliza2024\/index.php\/wp-json\/wp\/v2\/comments?post=915"}],"version-history":[{"count":1,"href":"https:\/\/iesmgkorreas.com\/normaliza2024\/index.php\/wp-json\/wp\/v2\/posts\/915\/revisions"}],"predecessor-version":[{"id":916,"href":"https:\/\/iesmgkorreas.com\/normaliza2024\/index.php\/wp-json\/wp\/v2\/posts\/915\/revisions\/916"}],"wp:attachment":[{"href":"https:\/\/iesmgkorreas.com\/normaliza2024\/index.php\/wp-json\/wp\/v2\/media?parent=915"}],"wp:term":[{"taxonomy":"category","embeddable":true,"href":"https:\/\/iesmgkorreas.com\/normaliza2024\/index.php\/wp-json\/wp\/v2\/categories?post=915"},{"taxonomy":"post_tag","embeddable":true,"href":"https:\/\/iesmgkorreas.com\/normaliza2024\/index.php\/wp-json\/wp\/v2\/tags?post=915"}],"curies":[{"name":"wp","href":"https:\/\/api.w.org\/{rel}","templated":true}]}}