{"id":900,"date":"2020-02-20T13:24:06","date_gmt":"2020-02-20T12:24:06","guid":{"rendered":"http:\/\/iesmgkorreas.com\/normamentira\/?p=900"},"modified":"2020-02-20T13:24:06","modified_gmt":"2020-02-20T12:24:06","slug":"tristan-et-iseut-une-legende-universelle","status":"publish","type":"post","link":"https:\/\/iesmgkorreas.com\/normaliza2024\/index.php\/2020\/02\/20\/tristan-et-iseut-une-legende-universelle\/","title":{"rendered":"Tristan et Iseut: une l\u00e9gende universelle"},"content":{"rendered":"\n<p>Nous pr\u00e9sentons dans cette entr\u00e9e un lien au blog \u201cOn parle pour toi\u201d de la professeure de fran\u00e7ais Ma Victoria P\u00e9rez P\u00e9rez de l\u2019IES \u201cCaudete\u201d d\u2019Albacete que nous avons trouv\u00e9 sur internet quand nous cherchions des informations sur Tristan et Iseut. Nous pensons que c\u2019est une mani\u00e8re tr\u00e8s int\u00e9ressante et simple de conna\u00eetre beaucoup d\u2019informations sur l\u2019histoire de Tristan et Yseut. Dans ce blog nous pouvons trouver des informations sur la g\u00e9ographie et les lieux cit\u00e9s dans le roman, sur la cr\u00e9ation de la l\u00e9gende de ces deux amants et sur les adaptations au cin\u00e9ma et les repr\u00e9sentations artistiques. Voil\u00e0 le lien: <a href=\"http:\/\/onparlepourtoi.blogspot.com\/2018\/04\/\">http:\/\/onparlepourtoi.blogspot.com\/2018\/04\/<\/a><\/p>\n","protected":false},"excerpt":{"rendered":"<p>Nous pr\u00e9sentons dans cette entr\u00e9e un lien au blog \u201cOn parle pour toi\u201d de la professeure de fran\u00e7ais Ma Victoria P\u00e9rez P\u00e9rez de l\u2019IES \u201cCaudete\u201d d\u2019Albacete que nous avons trouv\u00e9&#8230; <a href=\"https:\/\/iesmgkorreas.com\/normaliza2024\/index.php\/2020\/02\/20\/tristan-et-iseut-une-legende-universelle\/\">Continuar leyendo &#8230;  &raquo;<\/a><\/p>\n","protected":false},"author":116,"featured_media":0,"comment_status":"open","ping_status":"open","sticky":true,"template":"","format":"standard","meta":{"footnotes":""},"categories":[14],"tags":[40,151,104],"class_list":["post-900","post","type-post","status-publish","format-standard","hentry","category-frances","tag-frances","tag-legende-universelle","tag-tristan-e-iseo"],"_links":{"self":[{"href":"https:\/\/iesmgkorreas.com\/normaliza2024\/index.php\/wp-json\/wp\/v2\/posts\/900","targetHints":{"allow":["GET"]}}],"collection":[{"href":"https:\/\/iesmgkorreas.com\/normaliza2024\/index.php\/wp-json\/wp\/v2\/posts"}],"about":[{"href":"https:\/\/iesmgkorreas.com\/normaliza2024\/index.php\/wp-json\/wp\/v2\/types\/post"}],"author":[{"embeddable":true,"href":"https:\/\/iesmgkorreas.com\/normaliza2024\/index.php\/wp-json\/wp\/v2\/users\/116"}],"replies":[{"embeddable":true,"href":"https:\/\/iesmgkorreas.com\/normaliza2024\/index.php\/wp-json\/wp\/v2\/comments?post=900"}],"version-history":[{"count":1,"href":"https:\/\/iesmgkorreas.com\/normaliza2024\/index.php\/wp-json\/wp\/v2\/posts\/900\/revisions"}],"predecessor-version":[{"id":901,"href":"https:\/\/iesmgkorreas.com\/normaliza2024\/index.php\/wp-json\/wp\/v2\/posts\/900\/revisions\/901"}],"wp:attachment":[{"href":"https:\/\/iesmgkorreas.com\/normaliza2024\/index.php\/wp-json\/wp\/v2\/media?parent=900"}],"wp:term":[{"taxonomy":"category","embeddable":true,"href":"https:\/\/iesmgkorreas.com\/normaliza2024\/index.php\/wp-json\/wp\/v2\/categories?post=900"},{"taxonomy":"post_tag","embeddable":true,"href":"https:\/\/iesmgkorreas.com\/normaliza2024\/index.php\/wp-json\/wp\/v2\/tags?post=900"}],"curies":[{"name":"wp","href":"https:\/\/api.w.org\/{rel}","templated":true}]}}