{"id":729,"date":"2020-01-28T13:21:52","date_gmt":"2020-01-28T12:21:52","guid":{"rendered":"http:\/\/iesmgkorreas.com\/normamentira\/?p=729"},"modified":"2020-01-29T11:49:54","modified_gmt":"2020-01-29T10:49:54","slug":"sur-bel-ami-de-maupassant","status":"publish","type":"post","link":"https:\/\/iesmgkorreas.com\/normaliza2024\/index.php\/2020\/01\/28\/sur-bel-ami-de-maupassant\/","title":{"rendered":"Sur Bel-Ami de Maupassant"},"content":{"rendered":"\n<p>Los alumnos de 2\u00ba de Bachillerato han visto la pelicula <em>Bel-Ami<\/em>, de 2012, dirigida por<\/p>\n\n\n\n<p class=\"has-text-align-left\"> Nick Ormerod y Declan Donnelland. Est\u00e1 protagonizada por Robert Pattinson en el papel de Bel-Ami ; Christina Ricci, en el papel de Madame de Marelle, Uma Thurman en el papel de Madeleine Forestier, y Kristin Scott-thomas en el papel de Madame Walter.<\/p>\n\n\n\n<p>Hemos tenido que visionar la pel\u00edcula en espa\u00f1ol, ya que ha sido imposible encontrarla en franc\u00e9s con subt\u00edtulos en espa\u00f1ol. Sabemos que existen otras versiones en otros idiomas, incluso en franc\u00e9s, pero esta versi\u00f3n nos pareci\u00f3 m\u00e1s adecuada para verla en clase por su duraci\u00f3n (103minutos) y por no ser demasiado antigua.<\/p>\n\n\n\n<p>La versi\u00f3n ofrecida por esta pelicula ni es fiel a la novela de Maupassant en su totalidad ni es en modo alguno una obra de arte &#8211; como si lo es la obra en la que se basa- aunque s\u00ed es cierto que el alma de los personajes y lo esencial de la trama aparecen perfectamente descritos.  <\/p>\n\n\n\n<p>Se trata, para concluir, de una pel\u00edcula interesante y entretenida que despierta el inter\u00e9s por la lectura del libro.<\/p>\n\n\n\n<p>A modo de curiosidad, nos gustar\u00eda se\u00f1alar que el cartel de la pel\u00edcula <em>Bel-Ami<\/em> se asemeja al cartel de<em> Las amistades peligrosas<\/em>, de Milos Forman: otra adaptaci\u00f3n para el cine de una novela francesa (<em>Les liaisons dangereuses<\/em> de Choderlos de Laclos) en el que el juego de la seducci\u00f3n y de la mentira est\u00e1 muy presente.<\/p>\n\n\n\n<figure class=\"wp-block-image size-large\"><img loading=\"lazy\" decoding=\"async\" width=\"689\" height=\"1024\" src=\"https:\/\/iesmgkorreas.com\/normaliza2024\/wp-content\/uploads\/2020\/01\/bel_ami-838024558-large-689x1024.jpg\" alt=\"\" class=\"wp-image-730\" srcset=\"https:\/\/iesmgkorreas.com\/normaliza2024\/wp-content\/uploads\/2020\/01\/bel_ami-838024558-large-689x1024.jpg 689w, https:\/\/iesmgkorreas.com\/normaliza2024\/wp-content\/uploads\/2020\/01\/bel_ami-838024558-large-202x300.jpg 202w, https:\/\/iesmgkorreas.com\/normaliza2024\/wp-content\/uploads\/2020\/01\/bel_ami-838024558-large-768x1141.jpg 768w, https:\/\/iesmgkorreas.com\/normaliza2024\/wp-content\/uploads\/2020\/01\/bel_ami-838024558-large-624x927.jpg 624w, https:\/\/iesmgkorreas.com\/normaliza2024\/wp-content\/uploads\/2020\/01\/bel_ami-838024558-large.jpg 808w\" sizes=\"auto, (max-width: 689px) 100vw, 689px\" \/><\/figure>\n\n\n\n<figure class=\"wp-block-image size-large\"><img loading=\"lazy\" decoding=\"async\" width=\"753\" height=\"1024\" src=\"https:\/\/iesmgkorreas.com\/normaliza2024\/wp-content\/uploads\/2020\/01\/Las_amistades_peligrosas-277140653-large-753x1024.jpg\" alt=\"\" class=\"wp-image-731\" srcset=\"https:\/\/iesmgkorreas.com\/normaliza2024\/wp-content\/uploads\/2020\/01\/Las_amistades_peligrosas-277140653-large-753x1024.jpg 753w, https:\/\/iesmgkorreas.com\/normaliza2024\/wp-content\/uploads\/2020\/01\/Las_amistades_peligrosas-277140653-large-221x300.jpg 221w, https:\/\/iesmgkorreas.com\/normaliza2024\/wp-content\/uploads\/2020\/01\/Las_amistades_peligrosas-277140653-large-768x1044.jpg 768w, https:\/\/iesmgkorreas.com\/normaliza2024\/wp-content\/uploads\/2020\/01\/Las_amistades_peligrosas-277140653-large-624x848.jpg 624w, https:\/\/iesmgkorreas.com\/normaliza2024\/wp-content\/uploads\/2020\/01\/Las_amistades_peligrosas-277140653-large.jpg 883w\" sizes=\"auto, (max-width: 753px) 100vw, 753px\" \/><\/figure>\n","protected":false},"excerpt":{"rendered":"<p>Los alumnos de 2\u00ba de Bachillerato han visto la pelicula Bel-Ami, de 2012, dirigida por Nick Ormerod y Declan Donnelland. Est\u00e1 protagonizada por Robert Pattinson en el papel de Bel-Ami&#8230; <a href=\"https:\/\/iesmgkorreas.com\/normaliza2024\/index.php\/2020\/01\/28\/sur-bel-ami-de-maupassant\/\">Continuar leyendo &#8230;  &raquo;<\/a><\/p>\n","protected":false},"author":16,"featured_media":0,"comment_status":"open","ping_status":"open","sticky":false,"template":"","format":"standard","meta":{"footnotes":""},"categories":[1],"tags":[],"class_list":["post-729","post","type-post","status-publish","format-standard","hentry","category-nousar"],"_links":{"self":[{"href":"https:\/\/iesmgkorreas.com\/normaliza2024\/index.php\/wp-json\/wp\/v2\/posts\/729","targetHints":{"allow":["GET"]}}],"collection":[{"href":"https:\/\/iesmgkorreas.com\/normaliza2024\/index.php\/wp-json\/wp\/v2\/posts"}],"about":[{"href":"https:\/\/iesmgkorreas.com\/normaliza2024\/index.php\/wp-json\/wp\/v2\/types\/post"}],"author":[{"embeddable":true,"href":"https:\/\/iesmgkorreas.com\/normaliza2024\/index.php\/wp-json\/wp\/v2\/users\/16"}],"replies":[{"embeddable":true,"href":"https:\/\/iesmgkorreas.com\/normaliza2024\/index.php\/wp-json\/wp\/v2\/comments?post=729"}],"version-history":[{"count":3,"href":"https:\/\/iesmgkorreas.com\/normaliza2024\/index.php\/wp-json\/wp\/v2\/posts\/729\/revisions"}],"predecessor-version":[{"id":734,"href":"https:\/\/iesmgkorreas.com\/normaliza2024\/index.php\/wp-json\/wp\/v2\/posts\/729\/revisions\/734"}],"wp:attachment":[{"href":"https:\/\/iesmgkorreas.com\/normaliza2024\/index.php\/wp-json\/wp\/v2\/media?parent=729"}],"wp:term":[{"taxonomy":"category","embeddable":true,"href":"https:\/\/iesmgkorreas.com\/normaliza2024\/index.php\/wp-json\/wp\/v2\/categories?post=729"},{"taxonomy":"post_tag","embeddable":true,"href":"https:\/\/iesmgkorreas.com\/normaliza2024\/index.php\/wp-json\/wp\/v2\/tags?post=729"}],"curies":[{"name":"wp","href":"https:\/\/api.w.org\/{rel}","templated":true}]}}