{"id":709,"date":"2020-01-24T14:24:52","date_gmt":"2020-01-24T13:24:52","guid":{"rendered":"http:\/\/iesmgkorreas.com\/normamentira\/?p=709"},"modified":"2020-01-24T14:24:52","modified_gmt":"2020-01-24T13:24:52","slug":"el-negro-literario","status":"publish","type":"post","link":"https:\/\/iesmgkorreas.com\/normaliza2024\/index.php\/2020\/01\/24\/el-negro-literario\/","title":{"rendered":"EL \u00abNEGRO LITERARIO\u00bb"},"content":{"rendered":"\n<p class=\"has-text-align-left\">El <em>negro literario<\/em> es un <strong>escritor profesiona<\/strong>l al que contratan para escribir una historia <strong>bajo el nombre de otra persona.<\/strong><br>\u00a0\u00a0La expresi\u00f3n es de origen franc\u00e9s. Surgi\u00f3 con la producci\u00f3n en masa de folletines en el S.XIX, cuando se empez\u00f3 a llamar ne\u00e9grier (negrero) al que firmaba y n\u00e9gre (negro) a quien escrib\u00eda.\u00a0<\/p>\n\n\n\n<p class=\"has-text-align-left\">El mayor negrero fue <strong>Alejandro Dumas<\/strong> padre, que tuvo toda una factor\u00eda de escritores a su cargo, entre ellos, <strong>Gerard de Nerval<\/strong>. Dumas interven\u00eda dando ideas y retocando escenas, porque ninguno de sus negros tuvo tanto \u00e9xito bajo su nombre real como cuando trabajaba para \u00e9l.<\/p>\n\n\n\n<p> Los ingleses, en cambio, utilizan el t\u00e9rmino de <em>ghost write<\/em>r, escritor fantasma.<\/p>\n\n\n\n<figure class=\"wp-block-gallery columns-1 is-cropped wp-block-gallery-1 is-layout-flex wp-block-gallery-is-layout-flex\"><ul class=\"blocks-gallery-grid\"><li class=\"blocks-gallery-item\"><figure><img loading=\"lazy\" decoding=\"async\" width=\"249\" height=\"203\" src=\"https:\/\/iesmgkorreas.com\/normaliza2024\/wp-content\/uploads\/2020\/01\/negroliterario.jpeg\" alt=\"\" data-id=\"710\" data-full-url=\"https:\/\/iesmgkorreas.com\/normaliza2024\/wp-content\/uploads\/2020\/01\/negroliterario.jpeg\" data-link=\"https:\/\/iesmgkorreas.com\/normaliza2024\/?attachment_id=710\" class=\"wp-image-710\"\/><\/figure><\/li><\/ul><\/figure>\n","protected":false},"excerpt":{"rendered":"<p>El negro literario es un escritor profesional al que contratan para escribir una historia bajo el nombre de otra persona.\u00a0\u00a0La expresi\u00f3n es de origen franc\u00e9s. Surgi\u00f3 con la producci\u00f3n en&#8230; <a href=\"https:\/\/iesmgkorreas.com\/normaliza2024\/index.php\/2020\/01\/24\/el-negro-literario\/\">Continuar leyendo &#8230;  &raquo;<\/a><\/p>\n","protected":false},"author":76,"featured_media":0,"comment_status":"open","ping_status":"open","sticky":false,"template":"","format":"standard","meta":{"footnotes":""},"categories":[17],"tags":[51,113],"class_list":["post-709","post","type-post","status-publish","format-standard","hentry","category-lengua-y-literatura","tag-1o-bachillerato","tag-prof-juliavillegas"],"_links":{"self":[{"href":"https:\/\/iesmgkorreas.com\/normaliza2024\/index.php\/wp-json\/wp\/v2\/posts\/709","targetHints":{"allow":["GET"]}}],"collection":[{"href":"https:\/\/iesmgkorreas.com\/normaliza2024\/index.php\/wp-json\/wp\/v2\/posts"}],"about":[{"href":"https:\/\/iesmgkorreas.com\/normaliza2024\/index.php\/wp-json\/wp\/v2\/types\/post"}],"author":[{"embeddable":true,"href":"https:\/\/iesmgkorreas.com\/normaliza2024\/index.php\/wp-json\/wp\/v2\/users\/76"}],"replies":[{"embeddable":true,"href":"https:\/\/iesmgkorreas.com\/normaliza2024\/index.php\/wp-json\/wp\/v2\/comments?post=709"}],"version-history":[{"count":3,"href":"https:\/\/iesmgkorreas.com\/normaliza2024\/index.php\/wp-json\/wp\/v2\/posts\/709\/revisions"}],"predecessor-version":[{"id":724,"href":"https:\/\/iesmgkorreas.com\/normaliza2024\/index.php\/wp-json\/wp\/v2\/posts\/709\/revisions\/724"}],"wp:attachment":[{"href":"https:\/\/iesmgkorreas.com\/normaliza2024\/index.php\/wp-json\/wp\/v2\/media?parent=709"}],"wp:term":[{"taxonomy":"category","embeddable":true,"href":"https:\/\/iesmgkorreas.com\/normaliza2024\/index.php\/wp-json\/wp\/v2\/categories?post=709"},{"taxonomy":"post_tag","embeddable":true,"href":"https:\/\/iesmgkorreas.com\/normaliza2024\/index.php\/wp-json\/wp\/v2\/tags?post=709"}],"curies":[{"name":"wp","href":"https:\/\/api.w.org\/{rel}","templated":true}]}}