{"id":695,"date":"2020-01-24T09:18:50","date_gmt":"2020-01-24T08:18:50","guid":{"rendered":"http:\/\/iesmgkorreas.com\/normamentira\/?p=695"},"modified":"2020-01-24T10:21:32","modified_gmt":"2020-01-24T09:21:32","slug":"unamuno-y-la-libertad","status":"publish","type":"post","link":"https:\/\/iesmgkorreas.com\/normaliza2024\/index.php\/2020\/01\/24\/unamuno-y-la-libertad\/","title":{"rendered":"Unamuno y la libertad."},"content":{"rendered":"\n<p>Para Unamuno la libertad es el centro mismo de su vida. Para defender la libertad, Unamuno estuvo siempre dispuesto a sacrificarse.<\/p>\n\n\n\n<p>Unamuno hoy en d\u00eda sigue presente a trav\u00e9s de sus pensamientos y de sus obras. Ha dejado y dejar\u00e1 una gran huella a todas las generaciones.<\/p>\n\n\n\n<p>Os recomendamos para estos d\u00edas fr\u00edos y lluviosos, una pel\u00edcula de Alejandro Amen\u00e1bar que lleva por t\u00edtulo <em>Mientras<\/em> <em>dure<\/em> <em>la<\/em> <em>guerra<\/em>. Pel\u00edcula que intenta reflejar la reconquista de la libertad llevada a cabo por Unamuno. <a href=\"https:\/\/www.youtube.com\/watch?v=EP_LlHqmwmg\">https:\/\/www.youtube.com\/watch?v=EP_LlHqmwmg<\/a><\/p>\n\n\n\n<figure class=\"wp-block-image size-large\"><img loading=\"lazy\" decoding=\"async\" width=\"400\" height=\"593\" src=\"https:\/\/iesmgkorreas.com\/normaliza2024\/wp-content\/uploads\/2020\/01\/images.jpeg\" alt=\"\" class=\"wp-image-698\" srcset=\"https:\/\/iesmgkorreas.com\/normaliza2024\/wp-content\/uploads\/2020\/01\/images.jpeg 400w, https:\/\/iesmgkorreas.com\/normaliza2024\/wp-content\/uploads\/2020\/01\/images-202x300.jpeg 202w\" sizes=\"auto, (max-width: 400px) 100vw, 400px\" \/><\/figure>\n","protected":false},"excerpt":{"rendered":"<p>Para Unamuno la libertad es el centro mismo de su vida. Para defender la libertad, Unamuno estuvo siempre dispuesto a sacrificarse. Unamuno hoy en d\u00eda sigue presente a trav\u00e9s de&#8230; <a href=\"https:\/\/iesmgkorreas.com\/normaliza2024\/index.php\/2020\/01\/24\/unamuno-y-la-libertad\/\">Continuar leyendo &#8230;  &raquo;<\/a><\/p>\n","protected":false},"author":71,"featured_media":0,"comment_status":"open","ping_status":"open","sticky":false,"template":"","format":"standard","meta":{"footnotes":""},"categories":[7,17,1],"tags":[49,111,92,112,107,110,108,109],"class_list":["post-695","post","type-post","status-publish","format-standard","hentry","category-departamentos","category-lengua-y-literatura","category-nousar","tag-3ob","tag-alicia-jabon","tag-ana-luengo","tag-arantxa-portalatin","tag-carmen-solis","tag-cintia-mendez","tag-maria-gil","tag-sonia-luengo"],"_links":{"self":[{"href":"https:\/\/iesmgkorreas.com\/normaliza2024\/index.php\/wp-json\/wp\/v2\/posts\/695","targetHints":{"allow":["GET"]}}],"collection":[{"href":"https:\/\/iesmgkorreas.com\/normaliza2024\/index.php\/wp-json\/wp\/v2\/posts"}],"about":[{"href":"https:\/\/iesmgkorreas.com\/normaliza2024\/index.php\/wp-json\/wp\/v2\/types\/post"}],"author":[{"embeddable":true,"href":"https:\/\/iesmgkorreas.com\/normaliza2024\/index.php\/wp-json\/wp\/v2\/users\/71"}],"replies":[{"embeddable":true,"href":"https:\/\/iesmgkorreas.com\/normaliza2024\/index.php\/wp-json\/wp\/v2\/comments?post=695"}],"version-history":[{"count":8,"href":"https:\/\/iesmgkorreas.com\/normaliza2024\/index.php\/wp-json\/wp\/v2\/posts\/695\/revisions"}],"predecessor-version":[{"id":704,"href":"https:\/\/iesmgkorreas.com\/normaliza2024\/index.php\/wp-json\/wp\/v2\/posts\/695\/revisions\/704"}],"wp:attachment":[{"href":"https:\/\/iesmgkorreas.com\/normaliza2024\/index.php\/wp-json\/wp\/v2\/media?parent=695"}],"wp:term":[{"taxonomy":"category","embeddable":true,"href":"https:\/\/iesmgkorreas.com\/normaliza2024\/index.php\/wp-json\/wp\/v2\/categories?post=695"},{"taxonomy":"post_tag","embeddable":true,"href":"https:\/\/iesmgkorreas.com\/normaliza2024\/index.php\/wp-json\/wp\/v2\/tags?post=695"}],"curies":[{"name":"wp","href":"https:\/\/api.w.org\/{rel}","templated":true}]}}