{"id":621,"date":"2020-05-19T11:36:58","date_gmt":"2020-05-19T09:36:58","guid":{"rendered":"http:\/\/iesmgkorreas.com\/normamentira\/?p=621"},"modified":"2020-05-19T11:36:58","modified_gmt":"2020-05-19T09:36:58","slug":"platon-el-fake-de-la-caverna","status":"publish","type":"post","link":"https:\/\/iesmgkorreas.com\/normaliza2024\/index.php\/2020\/05\/19\/platon-el-fake-de-la-caverna\/","title":{"rendered":"Plat\u00f3n &#8211; El fake de la caverna"},"content":{"rendered":"\n<figure class=\"wp-block-image size-large\"><img decoding=\"async\" src=\"https:\/\/lavozdelmuro.net\/wp-content\/uploads\/2018\/09\/Mito-de-la-caverna.jpg\" alt=\"\"\/><\/figure>\n\n\n\n<p style=\"font-size:0\"><strong>Integrantes del grupo:<\/strong><\/p>\n\n\n\n<p>Armando Le\u00f3n Herrero 2\u00baBACH A<\/p>\n\n\n\n<p>Diego Plasencia Utrera 2\u00baBACH A<\/p>\n\n\n\n<p>Daniel Mu\u00f1oz Pizarro 2\u00baBACH A<\/p>\n\n\n\n<p><strong>ART\u00cdCULO:<\/strong><\/p>\n\n\n\n<p>\n\u00bfAlguna vez te has preguntado si eres feliz donde vives? Si es as\u00ed, \u00bfcrees que ese mundo en el que vives es verdadero y nadie te enga\u00f1a? Pues perm\u00edteme decirte que est\u00e1s muy equivocado. En nuestro d\u00eda a d\u00eda, vivimos rodeados de informaci\u00f3n ya sea de la televisi\u00f3n, internet, peri\u00f3dicos\u2026 Pero, \u00bfqui\u00e9n nos asegura a nosotros que esta informaci\u00f3n sea completamente cierta y que nos cuenten toda la verdad? Obviamente, los grandes influyentes, gobernantes y dem\u00e1s personas saben que hay cosas que no debemos conocer y nos las ocultan, poni\u00e9ndonos solo lo que a ellos les interesa que sepamos. Por todo ello, viviendo en nuestra zona de confort, nunca podremos tener un verdadero conocimiento aunque nosotros pensemos que somos felices en \u00e9l. Algo parecido se plante\u00f3 Plat\u00f3n hace ya unos&nbsp; veinticinco&nbsp; siglos, con su conocido Mito de la Caverna.<br><\/p>\n\n\n\n<p>El mito de la caverna plat\u00f3nica explica la situaci\u00f3n en la que se encuentra&nbsp; la&nbsp; sociedad y la existencia de dos mundos, el mundo sensible, el cual conocemos a trav\u00e9s de los sentidos, y el mundo inteligible,el cual conocemos a trav\u00e9s de la raz\u00f3n y carece de materia. Para explicarnos este hecho Plat\u00f3n utiliza el ejemplo de una caverna en la que se encuentran unos prisioneros atados de pies y manos, estos prisioneros nunca han salido al exterior, por lo que no conocen la realidad, sino que solo ven el reflejo de unos objetos portados por unas personas al otro lado del muro al que se encuentran anclados. A su vez estos objetos son reflejados debido a la luz de una antorcha encendida en el interior de la caverna. Este mito tambi\u00e9n expone que si un prisionero logra salir al exterior este alcanzar\u00eda la verdad y por lo tanto, el verdadero conocimiento. En la actualidad este mito se puede aplicar a la sociedad actual, donde los prisioneros ser\u00edamos los ciudadanos enga\u00f1ados con las noticias de los informativos, peri\u00f3dicos y las que actualmente son m\u00e1s importantes, las noticias virtuales de la red (redes sociales, peri\u00f3dicos virtuales, blogs..). Estos ser\u00edan los enga\u00f1adores. Los portadores de los objetos ser\u00edan los periodistas, siendo los pol\u00edticos los verdaderos enga\u00f1adores, y por \u00faltimo, el exterior representar\u00eda el momento en el que alcanzamos el saber por nosotros mismos, sin nadie que nos manipule. En el momento en el que alcanzamos ese saber, nos sentimos libres y con una felicidad verdadera.<br><\/p>\n\n\n\n<p>Como hemos comentado, los altos mandos nos tienen enga\u00f1ados y nos manipulan constantemente. Esta manipulaci\u00f3n consiste en ofrecer falsa informaci\u00f3n o no toda la informaci\u00f3n verdadera, con el fin de que sea m\u00e1s f\u00e1cil el control del pa\u00eds y de tener m\u00e1s \u2018tranquilitos\u2019 a los ciudadanos sin sembrar el p\u00e1nico. Fue el caso del 11-M donde a\u00fan no se tiene muy claro qu\u00e9 pas\u00f3. Esto da lugar a numerosas situaciones negativas, creando una realidad falsa en la que los ciudadanos no saben que viven.<br><\/p>\n\n\n\n<p>El mito explica que la verdadera realidad se alcanzar\u00eda al salir de la caverna. Esto podr\u00edamos asociarlo en la vida diaria como escapar de las falsas informaciones que nos rodean d\u00eda s\u00ed d\u00eda tambi\u00e9n, las que nos ofrecen a primera vista los medios de comunicaci\u00f3n, televisi\u00f3n, radio, internet, redes sociales\u2026Debemos buscar m\u00e1s all\u00e1 de estos, para no conocer s\u00f3lo lo que quieren que sepamos (c\u00f3mo hacen los enga\u00f1adores del mito). Ese proceso de buscar el verdadero conocimiento y de indagar en el mundo refleja el camino hacia la salida de la caverna. En \u00e9l, nos vamos dando cuenta cada vez m\u00e1s y m\u00e1s de lo enga\u00f1ados que hemos vivido y ese no querer ser enga\u00f1ados nos hacen seguir persiguiendo nuestro objetivo. El momento en el que alcanzamos esa verdadera realidad nos sentiriamos plenos pero\u2026 \u00bfacaba todo ah\u00ed? La respuesta es <strong>NO<\/strong>. Tu has vivido toda la vida enga\u00f1ado y, \u00bfno te acuerdas de los que estaban contigo? En ese momento debes volver a bajar a la caverna, volver a las falsas informaciones, mostrarles a todos los \u201cprisioneros\u201d que esa no es la verdadera realidad, y ayudarlos a salir de la caverna y escapar de las falsedades.<\/p>\n\n\n\n<figure class=\"wp-block-image size-large\"><img loading=\"lazy\" decoding=\"async\" width=\"1024\" height=\"1024\" src=\"https:\/\/iesmgkorreas.com\/normaliza2024\/wp-content\/uploads\/2020\/05\/DuUm_FDXQAMLHEy-1024x1024.jpg\" alt=\"\" class=\"wp-image-1115\" srcset=\"https:\/\/iesmgkorreas.com\/normaliza2024\/wp-content\/uploads\/2020\/05\/DuUm_FDXQAMLHEy-1024x1024.jpg 1024w, https:\/\/iesmgkorreas.com\/normaliza2024\/wp-content\/uploads\/2020\/05\/DuUm_FDXQAMLHEy-300x300.jpg 300w, https:\/\/iesmgkorreas.com\/normaliza2024\/wp-content\/uploads\/2020\/05\/DuUm_FDXQAMLHEy-150x150.jpg 150w, https:\/\/iesmgkorreas.com\/normaliza2024\/wp-content\/uploads\/2020\/05\/DuUm_FDXQAMLHEy-768x768.jpg 768w, https:\/\/iesmgkorreas.com\/normaliza2024\/wp-content\/uploads\/2020\/05\/DuUm_FDXQAMLHEy-624x624.jpg 624w, https:\/\/iesmgkorreas.com\/normaliza2024\/wp-content\/uploads\/2020\/05\/DuUm_FDXQAMLHEy-180x180.jpg 180w, https:\/\/iesmgkorreas.com\/normaliza2024\/wp-content\/uploads\/2020\/05\/DuUm_FDXQAMLHEy-60x60.jpg 60w, https:\/\/iesmgkorreas.com\/normaliza2024\/wp-content\/uploads\/2020\/05\/DuUm_FDXQAMLHEy.jpg 1080w\" sizes=\"auto, (max-width: 1024px) 100vw, 1024px\" \/><\/figure>\n\n\n\n<p><strong>BIBLIOGRAF\u00cdA:<\/strong><\/p>\n\n\n\n<p>Wikipedia. <em>Alegor\u00eda de la caverna <\/em>[<a href=\"https:\/\/es.wikipedia.org\/wiki\/Alegor%C3%ADa_de_la_caverna\">https:\/\/es.wikipedia.org\/wiki\/Alegor%C3%ADa_de_la_caverna<\/a>] [en l\u00ednea] [enero 2020]<br><\/p>\n\n\n\n<p>-Cultural genial. <em>Mito de la caverna de Plat\u00f3n <\/em>[<a href=\"https:\/\/www.culturagenial.com\/es\/mito-de-la-caverna-de-platon\/\">https:\/\/www.culturagenial.com\/es\/mito-de-la-caverna-de-platon\/<\/a>] [en l\u00ednea] [enero 2020]<br><\/p>\n\n\n\n<p>-Psicolog\u00eda y mente.<strong> <\/strong><em>El mito de la caverna de Plat\u00f3n<\/em> <strong>[<\/strong><a href=\"https:\/\/psicologiaymente.com\/psicologia\/mito-caverna-platon\">https:\/\/psicologiaymente.com\/psicologia\/mito-caverna-platon<\/a>] [en l\u00ednea] [enero 2020]<br><\/p>\n\n\n\n<p>-La mente maravillosa. <em>El mito de la caverna de Plat\u00f3n: la dualidad de nuestra realidad <\/em>[<a href=\"https:\/\/lamenteesmaravillosa.com\/el-mito-de-la-caverna-de-platon-la-dualidad-de-nuestra-realidad\/\">https:\/\/lamenteesmaravillosa.com\/el-mito-de-la-caverna-de-platon-la-dualidad-de-nuestra-realidad\/<\/a>] [en l\u00ednea] [enero 2020]<br><\/p>\n\n\n\n<p>-Webdianoia. <em>Plat\u00f3n<\/em><strong> [<\/strong><a href=\"https:\/\/www.webdianoia.com\/platon\/platon.htm\">https:\/\/www.webdianoia.com\/platon\/platon.htm<\/a>] [en l\u00ednea] [enero 2020]<br><\/p>\n\n\n\n<p><strong>Libro 1:<\/strong><\/p>\n\n\n\n<p>PLAT\u00d3N (1966):<em> La rep\u00fablica o El estado<\/em>, Barcelona, Iberia S. A.<\/p>\n\n\n\n<p><strong>Libro 2:<\/strong><\/p>\n\n\n\n<p>LLED\u00d3, Emilio (1996): <em>La memoria del Logos<\/em>, Madrid, Santillana, S. A. Taurus<\/p>\n\n\n\n<p><strong>Libro 3:<\/strong><\/p>\n\n\n\n<p>GUTHRIE, W.K.C. (1990): <em>Historia de la Filosof\u00eda Griega IV<\/em>, Madrid, Gredos<\/p>\n\n\n\n<p><strong>Libro 4:<\/strong><\/p>\n\n\n\n<p>O\u2019CONNOR, D.J. (1982): <em>Historia cr\u00edtica de la filosof\u00eda occidental (I &#8211; La filosof\u00eda en la antig\u00fcedad), <\/em>Barcelona, Paid\u00f3s.<\/p>\n","protected":false},"excerpt":{"rendered":"<p>Integrantes del grupo: Armando Le\u00f3n Herrero 2\u00baBACH A Diego Plasencia Utrera 2\u00baBACH A Daniel Mu\u00f1oz Pizarro 2\u00baBACH A ART\u00cdCULO: \u00bfAlguna vez te has preguntado si eres feliz donde vives? Si&#8230; <a href=\"https:\/\/iesmgkorreas.com\/normaliza2024\/index.php\/2020\/05\/19\/platon-el-fake-de-la-caverna\/\">Continuar leyendo &#8230;  &raquo;<\/a><\/p>\n","protected":false},"author":78,"featured_media":0,"comment_status":"closed","ping_status":"open","sticky":false,"template":"","format":"standard","meta":{"footnotes":""},"categories":[12],"tags":[164,163,165,21,20],"class_list":["post-621","post","type-post","status-publish","format-standard","hentry","category-filosofia","tag-2-a","tag-articulo","tag-daniel-munoz","tag-filosofia","tag-miguel-san-miguel"],"_links":{"self":[{"href":"https:\/\/iesmgkorreas.com\/normaliza2024\/index.php\/wp-json\/wp\/v2\/posts\/621","targetHints":{"allow":["GET"]}}],"collection":[{"href":"https:\/\/iesmgkorreas.com\/normaliza2024\/index.php\/wp-json\/wp\/v2\/posts"}],"about":[{"href":"https:\/\/iesmgkorreas.com\/normaliza2024\/index.php\/wp-json\/wp\/v2\/types\/post"}],"author":[{"embeddable":true,"href":"https:\/\/iesmgkorreas.com\/normaliza2024\/index.php\/wp-json\/wp\/v2\/users\/78"}],"replies":[{"embeddable":true,"href":"https:\/\/iesmgkorreas.com\/normaliza2024\/index.php\/wp-json\/wp\/v2\/comments?post=621"}],"version-history":[{"count":3,"href":"https:\/\/iesmgkorreas.com\/normaliza2024\/index.php\/wp-json\/wp\/v2\/posts\/621\/revisions"}],"predecessor-version":[{"id":1130,"href":"https:\/\/iesmgkorreas.com\/normaliza2024\/index.php\/wp-json\/wp\/v2\/posts\/621\/revisions\/1130"}],"wp:attachment":[{"href":"https:\/\/iesmgkorreas.com\/normaliza2024\/index.php\/wp-json\/wp\/v2\/media?parent=621"}],"wp:term":[{"taxonomy":"category","embeddable":true,"href":"https:\/\/iesmgkorreas.com\/normaliza2024\/index.php\/wp-json\/wp\/v2\/categories?post=621"},{"taxonomy":"post_tag","embeddable":true,"href":"https:\/\/iesmgkorreas.com\/normaliza2024\/index.php\/wp-json\/wp\/v2\/tags?post=621"}],"curies":[{"name":"wp","href":"https:\/\/api.w.org\/{rel}","templated":true}]}}