{"id":609,"date":"2020-05-25T10:59:01","date_gmt":"2020-05-25T08:59:01","guid":{"rendered":"http:\/\/iesmgkorreas.com\/normamentira\/?p=609"},"modified":"2020-05-25T10:59:01","modified_gmt":"2020-05-25T08:59:01","slug":"y-si-te-digo-que-todo-es-mentira-nietzsche-te-lo-cuenta","status":"publish","type":"post","link":"https:\/\/iesmgkorreas.com\/normaliza2024\/index.php\/2020\/05\/25\/y-si-te-digo-que-todo-es-mentira-nietzsche-te-lo-cuenta\/","title":{"rendered":"\u00bfY SI TE DIGO QUE TODO ES MENTIRA? Nietzsche te lo cuenta."},"content":{"rendered":"\n<div class=\"wp-block-group\"><div class=\"wp-block-group__inner-container is-layout-flow wp-block-group-is-layout-flow\">\n<div class=\"wp-block-media-text alignwide\" style=\"grid-template-columns:34% auto\"><figure class=\"wp-block-media-text__media\"><img decoding=\"async\" src=\"https:\/\/lh4.googleusercontent.com\/zsiuHixtxt8CF3kEJhiXevK_-xSehYsNaLmtrhvQLLtyLIEzvVLmuI3ubTEm_bgXLZ3ZIZOvDYyxurL4GNwkivk06JKw79AfpESon3faVlpanOLvN6dyX49vItfZQR_vBpoo_vR6\" alt=\"\"\/><\/figure><div class=\"wp-block-media-text__content\">\n<p class=\"has-normal-font-size\"> Friedrich Wilhelm Nietzsche fue un fil\u00f3sofo alem\u00e1n del siglo XIX, considerado uno de los m\u00e1s importantes de la filosof\u00eda occidental, cuya obra ha ejercido una profunda influencia  en la historia y en la cultura. <\/p>\n<\/div><\/div>\n\n\n\n<p class=\"has-text-align-center\"><br><\/p>\n<\/div><\/div>\n\n\n\n<p class=\"has-text-align-left\">Todos hemos usado la palabra mentira alguna vez, pero, nadie sabe qu\u00e9 significa en realidad. Por ejemplo si te digo que todos los humanos tienen veinte dedos, \u00bfes mentira o es verdad?, si te digo que el agua hierve a 100 grados, \u00bfes mentira o es verdad?. Si te pones a pensar, el 60% de nuestra vida no sabemos si es cierta o falsa, la informaci\u00f3n que nos rodea constantemente, en realidad, no sabemos si es verdad, pero nos la creemos. \u00bfPor qu\u00e9 es m\u00e1s verdad un medio de comunicaci\u00f3n que otro?, \u00bfpor qu\u00e9&nbsp; en cada canal de televisi\u00f3n dicen afirmaciones distintas si est\u00e1n hablando de lo mismo? Eso es lo que venimos a explicarte hoy y c\u00f3mo Nietzsche valora la mentira y la verdad.<br><\/p>\n\n\n\n<p><em><strong>La mentira<\/strong><\/em>.<\/p>\n\n\n\n<p class=\"has-text-align-left\">La mentira es algo que ha estado presente desde el inicio de las sociedades, evolucionando a lo largo del tiempo hasta llegar a nuestros d\u00edas, donde la forma m\u00e1s com\u00fan que tiene esta de expresarse es mediante las famos\u00edsimas \u201cfake news\u201d o noticias falsas. Sabemos perfectamente que la mentira siempre nos ha acompa\u00f1ado, sin embargo, \u00bfsabemos c\u00f3mo se origin\u00f3 este concepto? Pues bien, de acuerdo con el gran fil\u00f3sofo alem\u00e1n Nietzsche<em> <\/em>la mentira surgi\u00f3 a partir del nacimiento del concepto de verdad. Siendo esta un contrato definido mediante un acuerdo social de manera que la sociedad premia lo que ellos mismos han definido como verdad, y castiga a la mentira.En palabras m\u00e1s claras, desde que las sociedades comenzaron a surgir y organizarse, el hombre mirando por sus propios intereses, llev\u00f3 a t\u00e9rmino un contrato social mediante el cual se establec\u00eda lo que era verdad.El concepto de la misma mientras que se castigaba a cualquier cosa contraria a ese contrato social, es decir, se&nbsp; castigaba a la mentira. Todo esto sencillamente quiere decir que el concepto de verdad&nbsp; parte de bases vac\u00edas creadas por la necesidad e intereses del hombre para su propia comprensi\u00f3n del mundo y para solucionar los problemas a los que se enfrenta durante su subsistencia.<br><\/p>\n\n\n\n<p>Adem\u00e1s seg\u00fan Nietzsche, no existe una verdad absoluta, este concepto es inventado por los fil\u00f3sofos insatisfechos con la realidad y que anhelan el mundo del ser. La verdad es un g\u00e9nero de error sin la cual, algunos seres vivos no podr\u00edan vivir. Las verdades son ficciones \u00fatiles y pr\u00e1cticamente necesarias para los hombres, quienes las toman como verdades indiscutibles. Estas ficciones han pasado a ser parte del lenguaje, por lo que podemos confundirlas y pensar que lo que contamos sobre el mundo es real. Las palabras y los conceptos nos confunden, haciendo que creamos que lo que pensamos es m\u00e1s simple de lo que es, que existe una separaci\u00f3n, que son invisibles y existen por s\u00ed solas. Una mitolog\u00eda filos\u00f3fica est\u00e1 escondida en el lenguaje y surge continuamente por mucho cuidado que tengamos. Todas las \u201cverdades\u201d son \u201cficciones\u201d, cada individuo tiene un punto de vista distinto que intenta imponer a los dem\u00e1s y algunas son necesarias para el bienestar de la poblaci\u00f3n.&nbsp;<br><\/p>\n\n\n\n<p><em><strong>El humano y la mentira.<\/strong><\/em><\/p>\n\n\n\n<p>El humano moderno es un ser racional, en cuya naturaleza est\u00e1 el deseo de poder. La necesidad de garantizar su propia subsistencia, la de sus intereses y la de solucionar f\u00e1cilmente las problem\u00e1ticas que impiden el desarrollo pac\u00edfico de su existencia. En el momento en el que estas necesidades y este deseo se encuentran en decadencia o peligro, su naturaleza le obliga a establecer unos conceptos fijos conocidos por \u00e9l, a aceptar una verdad falsa al encontrarse indefenso&nbsp; ante una situaci\u00f3n desconocida a la que teme, para acabar con ella o bien para imponer su control. Podr\u00eda decirse que \u00e9ste es el m\u00e9todo de funcionamiento de las \u00abFake news\u00bb, se adoptan conceptos falsos como verdaderos, con el fin de obtener beneficios, como el control ideol\u00f3gico de una poblaci\u00f3n o la soluci\u00f3n r\u00e1pida a una situaci\u00f3n que escapa al control o genera peligro.<\/p>\n\n\n\n<p>Generalmente se tiende a adoptar las ideas buenas como verdades, a pesar de que no coincidan con lo que el conocimiento, quien suele tener la verdad, dicte. Es algo l\u00f3gico, en nuestro miedo al dolor tendemos a aceptar aquello que no nos genere m\u00e1s dificultades y al conocer lo verdadero, al ser ignorantes y no conocer nada, lo rechazamos, lo negamos para no sufrir, empleando incluso la convicci\u00f3n para aliviar el dolor que nos produce la carga del conocimiento. Es pura supervivencia. De este modo, los que generan las noticias y proporcionan datos, inicialmente muestran aquello que saben que no va a causar da\u00f1os mayores y que va a mantener el control durante m\u00e1s tiempo, reflejando en ello sus ideolog\u00edas e intereses personales.<br><\/p>\n\n\n\n<h2 class=\"wp-block-heading\">Bibliograf\u00eda.<\/h2>\n\n\n\n<ul class=\"wp-block-list\"><li> Jordi Ib\u00e1\u00f1ez Fan\u00e9s, Trabajo de fin de grado UPF. <em>La cr\u00edtica de la verdad en Nietzsche. <\/em>[<a href=\"https:\/\/repositori.upf.edu\/bitstream\/handle\/10230\/20466\/Riba_2012.pdf?sequence=1&amp;isAllowed=y\"><strong>https:\/\/repositori.upf.edu\/bitstream\/handle\/10230\/20466\/Riba_2012.pdf?sequence=1&amp;isAllowed=y<\/strong><\/a>] .&nbsp; [P\u00e1gina 17] [en l\u00ednea] [ Enero 2020]<\/li><li>ElSigma.com. <em>El problema de la verdad en Nietzsche.&nbsp;<\/em>[<a href=\"https:\/\/www.elsigma.com\/filosofia\/el-problema-de-la-verdad-en-nietzsche\/3223\"><strong>https:\/\/www.elsigma.com\/filosofia\/el-problema-de-la-verdad-en-nietzsche\/3223<\/strong><\/a><strong>] <\/strong>[en l\u00ednea] [Enero 2020]<\/li><li>Wikipedia.<em> Friedrich Nietzsche<\/em><\/li><li>[<a href=\"https:\/\/es.wikipedia.org\/wiki\/Friedrich_Nietzsche\"><strong>https:\/\/es.wikipedia.org\/wiki\/Friedrich_Nietzsche<\/strong><\/a>]  [en l\u00ednea] [Enero 2020]<\/li><li>Tiroriro. <em>Cr\u00edtica sobre verdad y mentira de Nietzsche.&nbsp;<\/em>[<a href=\"http:\/\/www.tiroriro.com\/critica-sobre-verdad-y-mentira-de-nietzsche\/\"><strong>www.tiroriro.com\/critica-sobre-verdad-y-mentira-de-nietzsche\/<\/strong><\/a>] [ en l\u00ednea] [Enero 2020]<\/li><li>O\u2019 CONNOR, D.J. (1964). <strong><em>Historia cr\u00edtica de la filosof\u00eda occidental. <\/em><\/strong>Barcelona,&nbsp; Paid\u00f3s Studio.&nbsp;<\/li><li>JOLIVET, R\u00e9gis (1970).<strong><em>Las doctrinas existencialistas. <\/em><\/strong>Madrid. Editorial Gredos. Cap\u00edtulo II.<\/li><li>JIM\u00c9NEZ MORENO,Luis (1986). <strong><em>El pensamiento de Nietzsche. <\/em><\/strong>Madrid. Editorial Cincel. Cap\u00edtulo 22.&nbsp;<\/li><li>COPLESTON,&nbsp; Frederick (1979). <strong><em>Historia de la filosof\u00eda.<\/em>&nbsp; <\/strong>Barcelona. Editorial Ariel. Cap\u00edtulo 22.<\/li><li>VAIHINGER, Hans (1990). <strong><em>Sobre verdad y mentira.<\/em><\/strong> Madrid.&nbsp; Editorial Tecnos. P\u00e1ginas (9-33).<\/li><\/ul>\n","protected":false},"excerpt":{"rendered":"<p>Friedrich Wilhelm Nietzsche fue un fil\u00f3sofo alem\u00e1n del siglo XIX, considerado uno de los m\u00e1s importantes de la filosof\u00eda occidental, cuya obra ha ejercido una profunda influencia en la historia&#8230; <a href=\"https:\/\/iesmgkorreas.com\/normaliza2024\/index.php\/2020\/05\/25\/y-si-te-digo-que-todo-es-mentira-nietzsche-te-lo-cuenta\/\">Continuar leyendo &#8230;  &raquo;<\/a><\/p>\n","protected":false},"author":64,"featured_media":0,"comment_status":"closed","ping_status":"open","sticky":false,"template":"","format":"standard","meta":{"footnotes":""},"categories":[12],"tags":[164,163,21,177,176,20,174,175],"class_list":["post-609","post","type-post","status-publish","format-standard","hentry","category-filosofia","tag-2-a","tag-articulo","tag-filosofia","tag-francisca-zubizarreta","tag-lola-del-ama","tag-miguel-san-miguel","tag-noelia-martin","tag-sheila-palo"],"_links":{"self":[{"href":"https:\/\/iesmgkorreas.com\/normaliza2024\/index.php\/wp-json\/wp\/v2\/posts\/609","targetHints":{"allow":["GET"]}}],"collection":[{"href":"https:\/\/iesmgkorreas.com\/normaliza2024\/index.php\/wp-json\/wp\/v2\/posts"}],"about":[{"href":"https:\/\/iesmgkorreas.com\/normaliza2024\/index.php\/wp-json\/wp\/v2\/types\/post"}],"author":[{"embeddable":true,"href":"https:\/\/iesmgkorreas.com\/normaliza2024\/index.php\/wp-json\/wp\/v2\/users\/64"}],"replies":[{"embeddable":true,"href":"https:\/\/iesmgkorreas.com\/normaliza2024\/index.php\/wp-json\/wp\/v2\/comments?post=609"}],"version-history":[{"count":9,"href":"https:\/\/iesmgkorreas.com\/normaliza2024\/index.php\/wp-json\/wp\/v2\/posts\/609\/revisions"}],"predecessor-version":[{"id":1167,"href":"https:\/\/iesmgkorreas.com\/normaliza2024\/index.php\/wp-json\/wp\/v2\/posts\/609\/revisions\/1167"}],"wp:attachment":[{"href":"https:\/\/iesmgkorreas.com\/normaliza2024\/index.php\/wp-json\/wp\/v2\/media?parent=609"}],"wp:term":[{"taxonomy":"category","embeddable":true,"href":"https:\/\/iesmgkorreas.com\/normaliza2024\/index.php\/wp-json\/wp\/v2\/categories?post=609"},{"taxonomy":"post_tag","embeddable":true,"href":"https:\/\/iesmgkorreas.com\/normaliza2024\/index.php\/wp-json\/wp\/v2\/tags?post=609"}],"curies":[{"name":"wp","href":"https:\/\/api.w.org\/{rel}","templated":true}]}}