{"id":519,"date":"2020-01-10T09:02:20","date_gmt":"2020-01-10T08:02:20","guid":{"rendered":"http:\/\/iesmgkorreas.com\/normamentira\/?p=519"},"modified":"2020-01-10T09:06:41","modified_gmt":"2020-01-10T08:06:41","slug":"mas-sobre-el-comic","status":"publish","type":"post","link":"https:\/\/iesmgkorreas.com\/normaliza2024\/index.php\/2020\/01\/10\/mas-sobre-el-comic\/","title":{"rendered":"M\u00e1s sobre el c\u00f3mic"},"content":{"rendered":"\n<p>Los alumnos de 3\u00baC Mart\u00edn Marcos, Sara Arias, Jose Chen y Wei B\u00f3 Chen, est\u00e1n realizando un comic sobre las creencias terraplanistas.<\/p>\n\n\n\n<p>Aqu\u00ed dejamos la descripci\u00f3n de personajes y una breve sinopsis realizada por Mart\u00edn Marcos.<\/p>\n\n\n<a href=\"https:\/\/iesmgkorreas.com\/normaliza2024\/wp-content\/uploads\/2020\/01\/terra.pdf\" class=\"pdfemb-viewer\" style=\"\" data-width=\"max\" data-height=\"max\" data-toolbar=\"bottom\" data-toolbar-fixed=\"off\">terra<\/a>\n<p class=\"wp-block-pdfemb-pdf-embedder-viewer\"><\/p>\n\n\n\n<p>Aqu\u00ed dejamos los link que aparecen en el archivo:<\/p>\n\n\n\n<figure class=\"wp-block-embed-youtube wp-block-embed is-type-video is-provider-youtube wp-embed-aspect-16-9 wp-has-aspect-ratio\"><div class=\"wp-block-embed__wrapper\">\n<iframe loading=\"lazy\" title=\"TRAP DEL TERRAPLANISMO\" width=\"625\" height=\"352\" src=\"https:\/\/www.youtube.com\/embed\/ziJuNQcJn24?feature=oembed\" frameborder=\"0\" allow=\"accelerometer; autoplay; clipboard-write; encrypted-media; gyroscope; picture-in-picture; web-share\" referrerpolicy=\"strict-origin-when-cross-origin\" allowfullscreen><\/iframe>\n<\/div><\/figure>\n\n\n\n<figure class=\"wp-block-embed-wordpress wp-block-embed is-type-wp-embed is-provider-ya-esta-el-listo-que-todo-lo-sabe\"><div class=\"wp-block-embed__wrapper\">\nhttps:\/\/blogs.20minutos.es\/yaestaellistoquetodolosabe\/por-que-llamamos-planeta-a-la-tierra-si-es-redonda-y-no-plana\/\n<\/div><\/figure>\n\n\n\n<p><a href=\"http:\/\/algunastontadas.blogspot.com\/2015\/09\/por-que-los-planetas-se-llaman-planetas.html\">http:\/\/algunastontadas.blogspot.com\/2015\/09\/por-que-los-planetas-se-llaman-planetas.html<\/a><\/p>\n","protected":false},"excerpt":{"rendered":"<p>Los alumnos de 3\u00baC Mart\u00edn Marcos, Sara Arias, Jose Chen y Wei B\u00f3 Chen, est\u00e1n realizando un comic sobre las creencias terraplanistas. Aqu\u00ed dejamos la descripci\u00f3n de personajes y una&#8230; <a href=\"https:\/\/iesmgkorreas.com\/normaliza2024\/index.php\/2020\/01\/10\/mas-sobre-el-comic\/\">Continuar leyendo &#8230;  &raquo;<\/a><\/p>\n","protected":false},"author":20,"featured_media":0,"comment_status":"closed","ping_status":"open","sticky":false,"template":"","format":"standard","meta":{"footnotes":""},"categories":[1,18],"tags":[30,97,96,98],"class_list":["post-519","post","type-post","status-publish","format-standard","hentry","category-nousar","category-plastica-y-educacion-visual","tag-3oc","tag-comic","tag-educacin-plastica-y-visual","tag-profesora-sara-iglesias"],"_links":{"self":[{"href":"https:\/\/iesmgkorreas.com\/normaliza2024\/index.php\/wp-json\/wp\/v2\/posts\/519","targetHints":{"allow":["GET"]}}],"collection":[{"href":"https:\/\/iesmgkorreas.com\/normaliza2024\/index.php\/wp-json\/wp\/v2\/posts"}],"about":[{"href":"https:\/\/iesmgkorreas.com\/normaliza2024\/index.php\/wp-json\/wp\/v2\/types\/post"}],"author":[{"embeddable":true,"href":"https:\/\/iesmgkorreas.com\/normaliza2024\/index.php\/wp-json\/wp\/v2\/users\/20"}],"replies":[{"embeddable":true,"href":"https:\/\/iesmgkorreas.com\/normaliza2024\/index.php\/wp-json\/wp\/v2\/comments?post=519"}],"version-history":[{"count":2,"href":"https:\/\/iesmgkorreas.com\/normaliza2024\/index.php\/wp-json\/wp\/v2\/posts\/519\/revisions"}],"predecessor-version":[{"id":522,"href":"https:\/\/iesmgkorreas.com\/normaliza2024\/index.php\/wp-json\/wp\/v2\/posts\/519\/revisions\/522"}],"wp:attachment":[{"href":"https:\/\/iesmgkorreas.com\/normaliza2024\/index.php\/wp-json\/wp\/v2\/media?parent=519"}],"wp:term":[{"taxonomy":"category","embeddable":true,"href":"https:\/\/iesmgkorreas.com\/normaliza2024\/index.php\/wp-json\/wp\/v2\/categories?post=519"},{"taxonomy":"post_tag","embeddable":true,"href":"https:\/\/iesmgkorreas.com\/normaliza2024\/index.php\/wp-json\/wp\/v2\/tags?post=519"}],"curies":[{"name":"wp","href":"https:\/\/api.w.org\/{rel}","templated":true}]}}