{"id":467,"date":"2019-12-19T09:14:19","date_gmt":"2019-12-19T08:14:19","guid":{"rendered":"http:\/\/iesmgkorreas.com\/normamentira\/?p=467"},"modified":"2019-12-20T09:54:26","modified_gmt":"2019-12-20T08:54:26","slug":"maria-zambrano-siempre-fuera-y-en-vilo","status":"publish","type":"post","link":"https:\/\/iesmgkorreas.com\/normaliza2024\/index.php\/2019\/12\/19\/maria-zambrano-siempre-fuera-y-en-vilo\/","title":{"rendered":"Mar\u00eda Zambrano, siempre fuera y en vilo."},"content":{"rendered":"\n<p><strong>NORMALIZACI\u00d3N DE LA MENTIRA&nbsp;<\/strong><\/p>\n\n\n\n<p>MAR\u00cdA ZAMBRANO<\/p>\n\n\n\n<p><\/p>\n\n\n\n<p>Mar\u00eda Zambrano Alarc\u00f3n \u200b fue una pensadora, fil\u00f3sofa y ensayista espa\u00f1ola.\u200b Su extensa obra, entre el compromiso c\u00edvico y el pensamiento po\u00e9tico, no fue reconocida en Espa\u00f1a hasta el \u00faltimo cuarto del siglo XX, tras un largo exilio. Naci\u00f3 en V\u00e9lez , M\u00e1laga el 22 de abril de 1904 y muri\u00f3 en Madrid el 6 de febrero del 1991.<\/p>\n\n\n\n<p>Nos encontramos ante la construcci\u00f3n de un legado filos\u00f3fico muy original, personal e impensable de haber permanecido la fil\u00f3sofa en Espa\u00f1a y no haberse exiliado; con todo es la gran desconocida de su generaci\u00f3n para la mayor parte del p\u00fablico, porque sus escritos no llegaron con facilidad debido a la censura imperante durante la dictadura.&nbsp;<\/p>\n\n\n\n<p>Se opuso al pensamiento \u00fanico que se impuso durante los a\u00f1os treinta y cuarenta en Espa\u00f1a y Europa.<\/p>\n\n\n\n<p>&nbsp;Fue una gran escritora y entre sus obras m\u00e1s destacadas encontramos:<\/p>\n\n\n\n<ul class=\"wp-block-list\"><li><em>Horizonte del liberalismo (1930).<\/em><\/li><li><em>Hacia un saber del alma (1934).<\/em><\/li><li><em>Filosof\u00eda y poes\u00eda (1939).<\/em><\/li><li><em>El pensamiento vivo de S\u00e9neca (1941).&nbsp;&nbsp;<\/em><\/li><li><em>Hacia un saber sobre el alma (1950).<\/em><\/li><li><em>Delirio y destino (escrito en 1953 y publicado en 1989).<\/em><\/li><li><em>El hombre y lo divino (1.\u00aa edici\u00f3n: 1955).<\/em><\/li><\/ul>\n\n\n\n<p>Algunas de sus obras fueron censuradas debido a que Mar\u00eda Zambrano fue muy cr\u00edtica con el pensamiento europeo de los siglos XVIII y XIX, el cartesianismo y el racionalismo que, seg\u00fan ella, condujeron a los desastres del XX. Su forma de pensar influy\u00f3 mucho en su ritmo de vida. El exilio, para Mar\u00eda Zambrano, fue un largo deambular de un pa\u00eds a otro. En Espa\u00f1a quedaron gran parte de sus escritos, notas y ensayos por acabar. Lleg\u00f3 a Par\u00eds para pasar a M\u00e9xico, La Habana, Puerto Rico, Roma, Par\u00eds\u2026 El exilio le gener\u00f3 un sentimiento de abandono, de desposesi\u00f3n, de una identidad perdida reclamando rescate.&nbsp;<\/p>\n\n\n\n<p><\/p>\n\n\n\n<p>\u201cFui alguien que se qued\u00f3 para siempre fuera y en vilo. Alguien que se qued\u00f3 en un lugar donde nadie le pide ni le llama. Ser exiliado es ser devorado por la historia. Y su lugar es el desierto. Para no perderse, enajenarse, en el desierto hay que encerrar dentro de s\u00ed el desierto. Hay que adentrar, interiorizar el desierto en el alma, en la mente, en los sentidos mismo, aguzando el o\u00eddo en detrimento de la vista para evitar los espejismos y escuchar las voces.\u201d<\/p>\n\n\n\n<p>&nbsp;&nbsp;<em>&nbsp;&nbsp;\u201cLos bienaventurados\u201d<\/em><\/p>\n\n\n\n<figure class=\"wp-block-image size-large is-resized\"><img loading=\"lazy\" decoding=\"async\" src=\"https:\/\/www.cervantes.es\/imagenes\/Image\/bibliotecas_documentacion_espanol\/biobibliografias\/maria_zambrano.bmp\" alt=\"\" width=\"230\" height=\"338\"\/><figcaption>Mar\u00eda Zambrano en el exilio<\/figcaption><\/figure>\n\n\n\n<p><\/p>\n","protected":false},"excerpt":{"rendered":"<p>NORMALIZACI\u00d3N DE LA MENTIRA&nbsp; MAR\u00cdA ZAMBRANO Mar\u00eda Zambrano Alarc\u00f3n \u200b fue una pensadora, fil\u00f3sofa y ensayista espa\u00f1ola.\u200b Su extensa obra, entre el compromiso c\u00edvico y el pensamiento po\u00e9tico, no fue&#8230; <a href=\"https:\/\/iesmgkorreas.com\/normaliza2024\/index.php\/2019\/12\/19\/maria-zambrano-siempre-fuera-y-en-vilo\/\">Continuar leyendo &#8230;  &raquo;<\/a><\/p>\n","protected":false},"author":73,"featured_media":0,"comment_status":"closed","ping_status":"open","sticky":false,"template":"","format":"standard","meta":{"footnotes":""},"categories":[7,17],"tags":[49,73,92,72,70,74,71,75],"class_list":["post-467","post","type-post","status-publish","format-standard","hentry","category-departamentos","category-lengua-y-literatura","tag-3ob","tag-amina-jabbouri","tag-ana-luengo","tag-asmae-bensaad","tag-claudia-lopez","tag-elisabeth-suarez","tag-francisco-javier-alarza","tag-lucia-nevado"],"_links":{"self":[{"href":"https:\/\/iesmgkorreas.com\/normaliza2024\/index.php\/wp-json\/wp\/v2\/posts\/467","targetHints":{"allow":["GET"]}}],"collection":[{"href":"https:\/\/iesmgkorreas.com\/normaliza2024\/index.php\/wp-json\/wp\/v2\/posts"}],"about":[{"href":"https:\/\/iesmgkorreas.com\/normaliza2024\/index.php\/wp-json\/wp\/v2\/types\/post"}],"author":[{"embeddable":true,"href":"https:\/\/iesmgkorreas.com\/normaliza2024\/index.php\/wp-json\/wp\/v2\/users\/73"}],"replies":[{"embeddable":true,"href":"https:\/\/iesmgkorreas.com\/normaliza2024\/index.php\/wp-json\/wp\/v2\/comments?post=467"}],"version-history":[{"count":4,"href":"https:\/\/iesmgkorreas.com\/normaliza2024\/index.php\/wp-json\/wp\/v2\/posts\/467\/revisions"}],"predecessor-version":[{"id":479,"href":"https:\/\/iesmgkorreas.com\/normaliza2024\/index.php\/wp-json\/wp\/v2\/posts\/467\/revisions\/479"}],"wp:attachment":[{"href":"https:\/\/iesmgkorreas.com\/normaliza2024\/index.php\/wp-json\/wp\/v2\/media?parent=467"}],"wp:term":[{"taxonomy":"category","embeddable":true,"href":"https:\/\/iesmgkorreas.com\/normaliza2024\/index.php\/wp-json\/wp\/v2\/categories?post=467"},{"taxonomy":"post_tag","embeddable":true,"href":"https:\/\/iesmgkorreas.com\/normaliza2024\/index.php\/wp-json\/wp\/v2\/tags?post=467"}],"curies":[{"name":"wp","href":"https:\/\/api.w.org\/{rel}","templated":true}]}}