{"id":466,"date":"2019-12-19T10:01:37","date_gmt":"2019-12-19T09:01:37","guid":{"rendered":"http:\/\/iesmgkorreas.com\/normamentira\/?p=466"},"modified":"2019-12-20T09:53:37","modified_gmt":"2019-12-20T08:53:37","slug":"el-lazarillo-de-tormes","status":"publish","type":"post","link":"https:\/\/iesmgkorreas.com\/normaliza2024\/index.php\/2019\/12\/19\/el-lazarillo-de-tormes\/","title":{"rendered":"EL LAZARILLO DE TORMES"},"content":{"rendered":"\n<p><strong>El Lazarillo es una novela an\u00f3nima pero, \u00bfpor qu\u00e9 ocult\u00f3 el autor su nombre?<\/strong><\/p>\n\n\n\n<p>Debido a la carga cr\u00edtica de la novela, ha sido atribuida a un jud\u00edo converso, que se valdr\u00eda del anonimato para no verse comprometido ante la Inquisici\u00f3n. El posible autor de la obra ser\u00eda Alfonso de Vald\u00e9s, secretario del emperador Carlos V. <\/p>\n\n\n\n<p>Muchos autores pensaban que escribir en esa \u00e9poca era peligroso, posiblemente porque nadie se habr\u00eda atrevido a firmar una obra tan pol\u00e9mica que criticaba ferozmente la sociedad de la \u00e9poca . <\/p>\n\n\n\n<p><\/p>\n\n\n\n<p><\/p>\n\n\n\n<p><\/p>\n\n\n\n<figure class=\"wp-block-image size-large is-resized\"><img loading=\"lazy\" decoding=\"async\" src=\"https:\/\/upload.wikimedia.org\/wikipedia\/commons\/thumb\/0\/08\/El_Lazarillo_de_Tormes_de_Goya.jpg\/640px-El_Lazarillo_de_Tormes_de_Goya.jpg\" alt=\"\" width=\"364\" height=\"462\"\/><\/figure>\n\n\n\n<p><\/p>\n","protected":false},"excerpt":{"rendered":"<p>El Lazarillo es una novela an\u00f3nima pero, \u00bfpor qu\u00e9 ocult\u00f3 el autor su nombre? Debido a la carga cr\u00edtica de la novela, ha sido atribuida a un jud\u00edo converso, que&#8230; <a href=\"https:\/\/iesmgkorreas.com\/normaliza2024\/index.php\/2019\/12\/19\/el-lazarillo-de-tormes\/\">Continuar leyendo &#8230;  &raquo;<\/a><\/p>\n","protected":false},"author":74,"featured_media":0,"comment_status":"closed","ping_status":"open","sticky":false,"template":"","format":"standard","meta":{"footnotes":""},"categories":[7,17],"tags":[49,92,79,81,80,77,78],"class_list":["post-466","post","type-post","status-publish","format-standard","hentry","category-departamentos","category-lengua-y-literatura","tag-3ob","tag-ana-luengo","tag-daniel-bueno","tag-gonzalo-sanchez","tag-jesus-luengo","tag-julia-acquaroni","tag-miguel-angel-alarza"],"_links":{"self":[{"href":"https:\/\/iesmgkorreas.com\/normaliza2024\/index.php\/wp-json\/wp\/v2\/posts\/466","targetHints":{"allow":["GET"]}}],"collection":[{"href":"https:\/\/iesmgkorreas.com\/normaliza2024\/index.php\/wp-json\/wp\/v2\/posts"}],"about":[{"href":"https:\/\/iesmgkorreas.com\/normaliza2024\/index.php\/wp-json\/wp\/v2\/types\/post"}],"author":[{"embeddable":true,"href":"https:\/\/iesmgkorreas.com\/normaliza2024\/index.php\/wp-json\/wp\/v2\/users\/74"}],"replies":[{"embeddable":true,"href":"https:\/\/iesmgkorreas.com\/normaliza2024\/index.php\/wp-json\/wp\/v2\/comments?post=466"}],"version-history":[{"count":4,"href":"https:\/\/iesmgkorreas.com\/normaliza2024\/index.php\/wp-json\/wp\/v2\/posts\/466\/revisions"}],"predecessor-version":[{"id":485,"href":"https:\/\/iesmgkorreas.com\/normaliza2024\/index.php\/wp-json\/wp\/v2\/posts\/466\/revisions\/485"}],"wp:attachment":[{"href":"https:\/\/iesmgkorreas.com\/normaliza2024\/index.php\/wp-json\/wp\/v2\/media?parent=466"}],"wp:term":[{"taxonomy":"category","embeddable":true,"href":"https:\/\/iesmgkorreas.com\/normaliza2024\/index.php\/wp-json\/wp\/v2\/categories?post=466"},{"taxonomy":"post_tag","embeddable":true,"href":"https:\/\/iesmgkorreas.com\/normaliza2024\/index.php\/wp-json\/wp\/v2\/tags?post=466"}],"curies":[{"name":"wp","href":"https:\/\/api.w.org\/{rel}","templated":true}]}}