{"id":325,"date":"2019-12-05T14:26:27","date_gmt":"2019-12-05T13:26:27","guid":{"rendered":"http:\/\/iesmgkorreas.com\/normamentira\/?p=325"},"modified":"2020-01-10T09:09:27","modified_gmt":"2020-01-10T08:09:27","slug":"primeros-bocetos-para-el-comic","status":"publish","type":"post","link":"https:\/\/iesmgkorreas.com\/normaliza2024\/index.php\/2019\/12\/05\/primeros-bocetos-para-el-comic\/","title":{"rendered":"Primeros Bocetos para el comic"},"content":{"rendered":"\n<p>Los alumnos de 3\u00baC, Sara Arias, Jos\u00e9 Chen, Wei Bo Chen y Mart\u00edn Marcos est\u00e1n preparando un comic sobre el Terraplanismo. Aqui mostramos los primeros bocetos para los personajes.<\/p>\n\n\n\n<figure class=\"wp-block-image\"><img loading=\"lazy\" decoding=\"async\" width=\"1024\" height=\"686\" src=\"https:\/\/iesmgkorreas.com\/normaliza2024\/wp-content\/uploads\/2019\/12\/IMG_20191204_104904-1-1024x686.jpg\" alt=\"\" class=\"wp-image-326\" srcset=\"https:\/\/iesmgkorreas.com\/normaliza2024\/wp-content\/uploads\/2019\/12\/IMG_20191204_104904-1-1024x686.jpg 1024w, https:\/\/iesmgkorreas.com\/normaliza2024\/wp-content\/uploads\/2019\/12\/IMG_20191204_104904-1-300x201.jpg 300w, https:\/\/iesmgkorreas.com\/normaliza2024\/wp-content\/uploads\/2019\/12\/IMG_20191204_104904-1-768x514.jpg 768w, https:\/\/iesmgkorreas.com\/normaliza2024\/wp-content\/uploads\/2019\/12\/IMG_20191204_104904-1-624x418.jpg 624w\" sizes=\"auto, (max-width: 1024px) 100vw, 1024px\" \/><\/figure>\n","protected":false},"excerpt":{"rendered":"<p>Los alumnos de 3\u00baC, Sara Arias, Jos\u00e9 Chen, Wei Bo Chen y Mart\u00edn Marcos est\u00e1n preparando un comic sobre el Terraplanismo. Aqui mostramos los primeros bocetos para los personajes.<\/p>\n","protected":false},"author":20,"featured_media":0,"comment_status":"closed","ping_status":"open","sticky":false,"template":"","format":"standard","meta":{"footnotes":""},"categories":[1,18],"tags":[30,99,98],"class_list":["post-325","post","type-post","status-publish","format-standard","hentry","category-nousar","category-plastica-y-educacion-visual","tag-3oc","tag-comic-2","tag-profesora-sara-iglesias"],"_links":{"self":[{"href":"https:\/\/iesmgkorreas.com\/normaliza2024\/index.php\/wp-json\/wp\/v2\/posts\/325","targetHints":{"allow":["GET"]}}],"collection":[{"href":"https:\/\/iesmgkorreas.com\/normaliza2024\/index.php\/wp-json\/wp\/v2\/posts"}],"about":[{"href":"https:\/\/iesmgkorreas.com\/normaliza2024\/index.php\/wp-json\/wp\/v2\/types\/post"}],"author":[{"embeddable":true,"href":"https:\/\/iesmgkorreas.com\/normaliza2024\/index.php\/wp-json\/wp\/v2\/users\/20"}],"replies":[{"embeddable":true,"href":"https:\/\/iesmgkorreas.com\/normaliza2024\/index.php\/wp-json\/wp\/v2\/comments?post=325"}],"version-history":[{"count":1,"href":"https:\/\/iesmgkorreas.com\/normaliza2024\/index.php\/wp-json\/wp\/v2\/posts\/325\/revisions"}],"predecessor-version":[{"id":327,"href":"https:\/\/iesmgkorreas.com\/normaliza2024\/index.php\/wp-json\/wp\/v2\/posts\/325\/revisions\/327"}],"wp:attachment":[{"href":"https:\/\/iesmgkorreas.com\/normaliza2024\/index.php\/wp-json\/wp\/v2\/media?parent=325"}],"wp:term":[{"taxonomy":"category","embeddable":true,"href":"https:\/\/iesmgkorreas.com\/normaliza2024\/index.php\/wp-json\/wp\/v2\/categories?post=325"},{"taxonomy":"post_tag","embeddable":true,"href":"https:\/\/iesmgkorreas.com\/normaliza2024\/index.php\/wp-json\/wp\/v2\/tags?post=325"}],"curies":[{"name":"wp","href":"https:\/\/api.w.org\/{rel}","templated":true}]}}