{"id":300,"date":"2019-12-04T10:48:56","date_gmt":"2019-12-04T09:48:56","guid":{"rendered":"http:\/\/iesmgkorreas.com\/normamentira\/?p=300"},"modified":"2019-12-20T09:57:28","modified_gmt":"2019-12-20T08:57:28","slug":"sin-censura","status":"publish","type":"post","link":"https:\/\/iesmgkorreas.com\/normaliza2024\/index.php\/2019\/12\/04\/sin-censura\/","title":{"rendered":"Sin censura"},"content":{"rendered":"\n<p>Un grupo de alumnos de 3\u00ba ESO de la asignatura de Lengua Castellana y Literatura est\u00e1n trabajando en el presente n\u00famero de la revista<em> Sapere aude<\/em>. <\/p>\n\n\n\n<p class=\"has-text-align-left\">A trav\u00e9s de libros como <em>El Lazarillo de Tormes<\/em> y <em>La colmena<\/em> o escritores como Mar\u00eda Zambrano o Unamuno investigar\u00e1n acerca de la manipulaci\u00f3n del pensamiento en la literatura a lo largo de la historia. <\/p>\n\n\n\n<figure class=\"wp-block-gallery columns-4 is-cropped wp-block-gallery-1 is-layout-flex wp-block-gallery-is-layout-flex\"><ul class=\"blocks-gallery-grid\"><li class=\"blocks-gallery-item\"><figure><img loading=\"lazy\" decoding=\"async\" width=\"696\" height=\"583\" src=\"https:\/\/iesmgkorreas.com\/normaliza2024\/wp-content\/uploads\/2019\/12\/Unamuno.png\" alt=\"\" data-id=\"313\" data-link=\"https:\/\/iesmgkorreas.com\/normaliza2024\/unamuno\/\" class=\"wp-image-313\" srcset=\"https:\/\/iesmgkorreas.com\/normaliza2024\/wp-content\/uploads\/2019\/12\/Unamuno.png 696w, https:\/\/iesmgkorreas.com\/normaliza2024\/wp-content\/uploads\/2019\/12\/Unamuno-300x251.png 300w, https:\/\/iesmgkorreas.com\/normaliza2024\/wp-content\/uploads\/2019\/12\/Unamuno-624x523.png 624w\" sizes=\"auto, (max-width: 696px) 100vw, 696px\" \/><\/figure><\/li><li class=\"blocks-gallery-item\"><figure><img loading=\"lazy\" decoding=\"async\" width=\"720\" height=\"540\" src=\"https:\/\/iesmgkorreas.com\/normaliza2024\/wp-content\/uploads\/2019\/12\/El-Lazarillo-de-Tormes.jpg\" alt=\"\" data-id=\"312\" data-link=\"https:\/\/iesmgkorreas.com\/normaliza2024\/el-lazarillo-de-tormes\/\" class=\"wp-image-312\" srcset=\"https:\/\/iesmgkorreas.com\/normaliza2024\/wp-content\/uploads\/2019\/12\/El-Lazarillo-de-Tormes.jpg 720w, https:\/\/iesmgkorreas.com\/normaliza2024\/wp-content\/uploads\/2019\/12\/El-Lazarillo-de-Tormes-300x225.jpg 300w, https:\/\/iesmgkorreas.com\/normaliza2024\/wp-content\/uploads\/2019\/12\/El-Lazarillo-de-Tormes-624x468.jpg 624w, https:\/\/iesmgkorreas.com\/normaliza2024\/wp-content\/uploads\/2019\/12\/El-Lazarillo-de-Tormes-240x180.jpg 240w\" sizes=\"auto, (max-width: 720px) 100vw, 720px\" \/><\/figure><\/li><li class=\"blocks-gallery-item\"><figure><img loading=\"lazy\" decoding=\"async\" width=\"305\" height=\"360\" src=\"https:\/\/iesmgkorreas.com\/normaliza2024\/wp-content\/uploads\/2019\/12\/Maria-Zambrano.Retrato-de-Gregorio-Toledo-1935.jpg\" alt=\"\" data-id=\"310\" data-link=\"https:\/\/iesmgkorreas.com\/normaliza2024\/?attachment_id=310\" class=\"wp-image-310\" srcset=\"https:\/\/iesmgkorreas.com\/normaliza2024\/wp-content\/uploads\/2019\/12\/Maria-Zambrano.Retrato-de-Gregorio-Toledo-1935.jpg 305w, https:\/\/iesmgkorreas.com\/normaliza2024\/wp-content\/uploads\/2019\/12\/Maria-Zambrano.Retrato-de-Gregorio-Toledo-1935-254x300.jpg 254w\" sizes=\"auto, (max-width: 305px) 100vw, 305px\" \/><\/figure><\/li><li class=\"blocks-gallery-item\"><figure><img loading=\"lazy\" decoding=\"async\" width=\"638\" height=\"903\" src=\"https:\/\/iesmgkorreas.com\/normaliza2024\/wp-content\/uploads\/2019\/12\/la-colmena-camilo-jos-cela-1-638.jpg\" alt=\"\" data-id=\"309\" data-link=\"https:\/\/iesmgkorreas.com\/normaliza2024\/?attachment_id=309\" class=\"wp-image-309\" srcset=\"https:\/\/iesmgkorreas.com\/normaliza2024\/wp-content\/uploads\/2019\/12\/la-colmena-camilo-jos-cela-1-638.jpg 638w, https:\/\/iesmgkorreas.com\/normaliza2024\/wp-content\/uploads\/2019\/12\/la-colmena-camilo-jos-cela-1-638-212x300.jpg 212w, https:\/\/iesmgkorreas.com\/normaliza2024\/wp-content\/uploads\/2019\/12\/la-colmena-camilo-jos-cela-1-638-624x883.jpg 624w\" sizes=\"auto, (max-width: 638px) 100vw, 638px\" \/><\/figure><\/li><\/ul><\/figure>\n","protected":false},"excerpt":{"rendered":"<p>Un grupo de alumnos de 3\u00ba ESO de la asignatura de Lengua Castellana y Literatura est\u00e1n trabajando en el presente n\u00famero de la revista Sapere aude. A trav\u00e9s de libros&#8230; <a href=\"https:\/\/iesmgkorreas.com\/normaliza2024\/index.php\/2019\/12\/04\/sin-censura\/\">Continuar leyendo &#8230;  &raquo;<\/a><\/p>\n","protected":false},"author":21,"featured_media":0,"comment_status":"closed","ping_status":"open","sticky":false,"template":"","format":"standard","meta":{"footnotes":""},"categories":[17],"tags":[49,92,39],"class_list":["post-300","post","type-post","status-publish","format-standard","hentry","category-lengua-y-literatura","tag-3ob","tag-ana-luengo","tag-lengua-y-literatura"],"_links":{"self":[{"href":"https:\/\/iesmgkorreas.com\/normaliza2024\/index.php\/wp-json\/wp\/v2\/posts\/300","targetHints":{"allow":["GET"]}}],"collection":[{"href":"https:\/\/iesmgkorreas.com\/normaliza2024\/index.php\/wp-json\/wp\/v2\/posts"}],"about":[{"href":"https:\/\/iesmgkorreas.com\/normaliza2024\/index.php\/wp-json\/wp\/v2\/types\/post"}],"author":[{"embeddable":true,"href":"https:\/\/iesmgkorreas.com\/normaliza2024\/index.php\/wp-json\/wp\/v2\/users\/21"}],"replies":[{"embeddable":true,"href":"https:\/\/iesmgkorreas.com\/normaliza2024\/index.php\/wp-json\/wp\/v2\/comments?post=300"}],"version-history":[{"count":9,"href":"https:\/\/iesmgkorreas.com\/normaliza2024\/index.php\/wp-json\/wp\/v2\/posts\/300\/revisions"}],"predecessor-version":[{"id":514,"href":"https:\/\/iesmgkorreas.com\/normaliza2024\/index.php\/wp-json\/wp\/v2\/posts\/300\/revisions\/514"}],"wp:attachment":[{"href":"https:\/\/iesmgkorreas.com\/normaliza2024\/index.php\/wp-json\/wp\/v2\/media?parent=300"}],"wp:term":[{"taxonomy":"category","embeddable":true,"href":"https:\/\/iesmgkorreas.com\/normaliza2024\/index.php\/wp-json\/wp\/v2\/categories?post=300"},{"taxonomy":"post_tag","embeddable":true,"href":"https:\/\/iesmgkorreas.com\/normaliza2024\/index.php\/wp-json\/wp\/v2\/tags?post=300"}],"curies":[{"name":"wp","href":"https:\/\/api.w.org\/{rel}","templated":true}]}}