{"id":291,"date":"2019-12-03T12:15:14","date_gmt":"2019-12-03T11:15:14","guid":{"rendered":"http:\/\/iesmgkorreas.com\/normamentira\/?p=291"},"modified":"2019-12-04T09:46:45","modified_gmt":"2019-12-04T08:46:45","slug":"que-hacer","status":"publish","type":"post","link":"https:\/\/iesmgkorreas.com\/normaliza2024\/index.php\/2019\/12\/03\/que-hacer\/","title":{"rendered":"\u00bfQu\u00e9 hacer?"},"content":{"rendered":"\n<p>Este curso trabajaremos en el segundo n\u00famero de <em>Sapere Aude<\/em> dos cursos de Portugu\u00e9s como Segunda Lengua, que en total suman doce alumnos, de 2\u00ba y 3\u00ba de ESO. Este a\u00f1o, para escribir sobre la <em>Normalizaci\u00f3n de la mentira,<\/em> los enga\u00f1os, la falsedad y las <em>fake news, <\/em>veremos qu\u00e9 sucede en el campo de la ciencia y para ello intentaremos realizar una entrevista por correo electr\u00f3nico a un cient\u00edfico brasile\u00f1o. As\u00ed, los alumnos tendr\u00e1n que leer textos reales en portugu\u00e9s y utilizar herramientas digitales como el corrector ortogr\u00e1fico, diversos traductores y diccionarios para redactar las preguntas. Adem\u00e1s, han de compartir los documentos para lo cual han de manejarse con cierta soltura en Google Drive.<\/p>\n\n\n\n<p>En fin, nos ponemos manos a la obra; veremos si el resultado es satisfactorio.<\/p>\n\n\n\n<div class=\"wp-block-image\"><figure class=\"aligncenter\"><img loading=\"lazy\" decoding=\"async\" width=\"999\" height=\"749\" src=\"https:\/\/iesmgkorreas.com\/normaliza2024\/wp-content\/uploads\/2019\/12\/IMG_20191112_085835.jpg\" alt=\"\" class=\"wp-image-292\" srcset=\"https:\/\/iesmgkorreas.com\/normaliza2024\/wp-content\/uploads\/2019\/12\/IMG_20191112_085835.jpg 999w, https:\/\/iesmgkorreas.com\/normaliza2024\/wp-content\/uploads\/2019\/12\/IMG_20191112_085835-300x225.jpg 300w, https:\/\/iesmgkorreas.com\/normaliza2024\/wp-content\/uploads\/2019\/12\/IMG_20191112_085835-768x576.jpg 768w, https:\/\/iesmgkorreas.com\/normaliza2024\/wp-content\/uploads\/2019\/12\/IMG_20191112_085835-624x468.jpg 624w, https:\/\/iesmgkorreas.com\/normaliza2024\/wp-content\/uploads\/2019\/12\/IMG_20191112_085835-240x180.jpg 240w\" sizes=\"auto, (max-width: 999px) 100vw, 999px\" \/><\/figure><\/div>\n","protected":false},"excerpt":{"rendered":"<p>Este curso trabajaremos en el segundo n\u00famero de Sapere Aude dos cursos de Portugu\u00e9s como Segunda Lengua, que en total suman doce alumnos, de 2\u00ba y 3\u00ba de ESO. Este&#8230; <a href=\"https:\/\/iesmgkorreas.com\/normaliza2024\/index.php\/2019\/12\/03\/que-hacer\/\">Continuar leyendo &#8230;  &raquo;<\/a><\/p>\n","protected":false},"author":19,"featured_media":0,"comment_status":"closed","ping_status":"open","sticky":false,"template":"","format":"standard","meta":{"footnotes":""},"categories":[19],"tags":[48,47,45,46],"class_list":["post-291","post","type-post","status-publish","format-standard","hentry","category-portugues","tag-2o-b","tag-3o-a","tag-jose-maria-duran","tag-portugues"],"_links":{"self":[{"href":"https:\/\/iesmgkorreas.com\/normaliza2024\/index.php\/wp-json\/wp\/v2\/posts\/291","targetHints":{"allow":["GET"]}}],"collection":[{"href":"https:\/\/iesmgkorreas.com\/normaliza2024\/index.php\/wp-json\/wp\/v2\/posts"}],"about":[{"href":"https:\/\/iesmgkorreas.com\/normaliza2024\/index.php\/wp-json\/wp\/v2\/types\/post"}],"author":[{"embeddable":true,"href":"https:\/\/iesmgkorreas.com\/normaliza2024\/index.php\/wp-json\/wp\/v2\/users\/19"}],"replies":[{"embeddable":true,"href":"https:\/\/iesmgkorreas.com\/normaliza2024\/index.php\/wp-json\/wp\/v2\/comments?post=291"}],"version-history":[{"count":2,"href":"https:\/\/iesmgkorreas.com\/normaliza2024\/index.php\/wp-json\/wp\/v2\/posts\/291\/revisions"}],"predecessor-version":[{"id":294,"href":"https:\/\/iesmgkorreas.com\/normaliza2024\/index.php\/wp-json\/wp\/v2\/posts\/291\/revisions\/294"}],"wp:attachment":[{"href":"https:\/\/iesmgkorreas.com\/normaliza2024\/index.php\/wp-json\/wp\/v2\/media?parent=291"}],"wp:term":[{"taxonomy":"category","embeddable":true,"href":"https:\/\/iesmgkorreas.com\/normaliza2024\/index.php\/wp-json\/wp\/v2\/categories?post=291"},{"taxonomy":"post_tag","embeddable":true,"href":"https:\/\/iesmgkorreas.com\/normaliza2024\/index.php\/wp-json\/wp\/v2\/tags?post=291"}],"curies":[{"name":"wp","href":"https:\/\/api.w.org\/{rel}","templated":true}]}}