{"id":243,"date":"2019-11-26T21:21:13","date_gmt":"2019-11-26T20:21:13","guid":{"rendered":"http:\/\/iesmgkorreas.com\/normamentira\/?p=243"},"modified":"2020-01-29T12:01:24","modified_gmt":"2020-01-29T11:01:24","slug":"sesion-de-trabajo","status":"publish","type":"post","link":"https:\/\/iesmgkorreas.com\/normaliza2024\/index.php\/2019\/11\/26\/sesion-de-trabajo\/","title":{"rendered":"Sesi\u00f3n de trabajo"},"content":{"rendered":"\n<p>El grupo de alumnos de la asignatura de <strong>Cultura Cient\u00edfica<\/strong> de 1\u00ba de Bachillerato durante una sesi\u00f3n de trabajo en el Aula Infolab del <strong>IES Maestro Gonzalo Korreas<\/strong>.<\/p>\n\n\n\n<figure class=\"wp-block-image\"><img loading=\"lazy\" decoding=\"async\" width=\"1024\" height=\"768\" src=\"https:\/\/iesmgkorreas.com\/normaliza2024\/wp-content\/uploads\/2019\/11\/DSC09840-1024x768.jpg\" alt=\"\" class=\"wp-image-244\" srcset=\"https:\/\/iesmgkorreas.com\/normaliza2024\/wp-content\/uploads\/2019\/11\/DSC09840-1024x768.jpg 1024w, https:\/\/iesmgkorreas.com\/normaliza2024\/wp-content\/uploads\/2019\/11\/DSC09840-300x225.jpg 300w, https:\/\/iesmgkorreas.com\/normaliza2024\/wp-content\/uploads\/2019\/11\/DSC09840-768x576.jpg 768w\" sizes=\"auto, (max-width: 1024px) 100vw, 1024px\" \/><figcaption>Los 9 alumnos de la asignatura distribuidos en grupos de 3<\/figcaption><\/figure>\n\n\n\n<figure class=\"wp-block-image\"><img loading=\"lazy\" decoding=\"async\" width=\"1024\" height=\"768\" src=\"https:\/\/iesmgkorreas.com\/normaliza2024\/wp-content\/uploads\/2019\/11\/DSC09841-1024x768.jpg\" alt=\"\" class=\"wp-image-245\" srcset=\"https:\/\/iesmgkorreas.com\/normaliza2024\/wp-content\/uploads\/2019\/11\/DSC09841-1024x768.jpg 1024w, https:\/\/iesmgkorreas.com\/normaliza2024\/wp-content\/uploads\/2019\/11\/DSC09841-300x225.jpg 300w, https:\/\/iesmgkorreas.com\/normaliza2024\/wp-content\/uploads\/2019\/11\/DSC09841-768x576.jpg 768w\" sizes=\"auto, (max-width: 1024px) 100vw, 1024px\" \/><figcaption>Cada grupo trabaja un tema espec\u00edfico dentro de la tem\u00e1tica com\u00fan<\/figcaption><\/figure>\n\n\n\n<p><\/p>\n","protected":false},"excerpt":{"rendered":"<p>El grupo de alumnos de la asignatura de Cultura Cient\u00edfica de 1\u00ba de Bachillerato durante una sesi\u00f3n de trabajo en el Aula Infolab del IES Maestro Gonzalo Korreas.<\/p>\n","protected":false},"author":23,"featured_media":0,"comment_status":"open","ping_status":"open","sticky":false,"template":"","format":"standard","meta":{"footnotes":""},"categories":[13],"tags":[51,37,52],"class_list":["post-243","post","type-post","status-publish","format-standard","hentry","category-fisica-y-quimica","tag-1o-bachillerato","tag-cultura-cientifica","tag-sergio-munoz-ortega"],"_links":{"self":[{"href":"https:\/\/iesmgkorreas.com\/normaliza2024\/index.php\/wp-json\/wp\/v2\/posts\/243","targetHints":{"allow":["GET"]}}],"collection":[{"href":"https:\/\/iesmgkorreas.com\/normaliza2024\/index.php\/wp-json\/wp\/v2\/posts"}],"about":[{"href":"https:\/\/iesmgkorreas.com\/normaliza2024\/index.php\/wp-json\/wp\/v2\/types\/post"}],"author":[{"embeddable":true,"href":"https:\/\/iesmgkorreas.com\/normaliza2024\/index.php\/wp-json\/wp\/v2\/users\/23"}],"replies":[{"embeddable":true,"href":"https:\/\/iesmgkorreas.com\/normaliza2024\/index.php\/wp-json\/wp\/v2\/comments?post=243"}],"version-history":[{"count":3,"href":"https:\/\/iesmgkorreas.com\/normaliza2024\/index.php\/wp-json\/wp\/v2\/posts\/243\/revisions"}],"predecessor-version":[{"id":346,"href":"https:\/\/iesmgkorreas.com\/normaliza2024\/index.php\/wp-json\/wp\/v2\/posts\/243\/revisions\/346"}],"wp:attachment":[{"href":"https:\/\/iesmgkorreas.com\/normaliza2024\/index.php\/wp-json\/wp\/v2\/media?parent=243"}],"wp:term":[{"taxonomy":"category","embeddable":true,"href":"https:\/\/iesmgkorreas.com\/normaliza2024\/index.php\/wp-json\/wp\/v2\/categories?post=243"},{"taxonomy":"post_tag","embeddable":true,"href":"https:\/\/iesmgkorreas.com\/normaliza2024\/index.php\/wp-json\/wp\/v2\/tags?post=243"}],"curies":[{"name":"wp","href":"https:\/\/api.w.org\/{rel}","templated":true}]}}