{"id":1062,"date":"2020-04-28T21:46:15","date_gmt":"2020-04-28T19:46:15","guid":{"rendered":"http:\/\/iesmgkorreas.com\/normamentira\/?p=1062"},"modified":"2020-04-28T21:46:15","modified_gmt":"2020-04-28T19:46:15","slug":"coronavirus-y-el-estado-de-excepcion","status":"publish","type":"post","link":"https:\/\/iesmgkorreas.com\/normaliza2024\/index.php\/2020\/04\/28\/coronavirus-y-el-estado-de-excepcion\/","title":{"rendered":"Coronavirus y el estado de excepci\u00f3n"},"content":{"rendered":"\n<p>Estos d\u00edas estamos viviendo una situaci\u00f3n fuera de lo com\u00fan a causa de la <strong>pandemia de coronavirus<\/strong> que nos ha afectado a nivel mundial. Todos estamos viviendo un momento dif\u00edcil en el que cada d\u00eda, confinados en nuestras casas, observamos alarmados diariamente en las noticias el n\u00famero de afectados y muertos, y sintiendo en ocasiones impotencia al no poder hacer nada m\u00e1s que quedarnos en casa, aunque hasta esta simple medida es dif\u00edcil para algunos.\u00a0<\/p>\n\n\n\n<p>Pero, como siempre, hay gente que intenta aprovecharse de la situaci\u00f3n. Personas sin escr\u00fapulos a los que no les importa la situaci\u00f3n en los hospitales, donde est\u00e1n desbordados, ni la situaci\u00f3n del resto de trabajadores como farmac\u00e9uticos o trabajadores de establecimientos p\u00fablicos de primera necesidad, que deben trabajar de cara al p\u00fablico a riesgo de contraer el virus. Por estas personas estos d\u00edas se ha dado a nivel cibern\u00e9tico una oleada de bulos que causan el p\u00e1nico colectivo. Estas llamadas \u201cfake news\u201d se env\u00edan como cadenas por las principales redes sociales como Facebook, Twitter y, sobretodo, WhatsApp.<\/p>\n\n\n\n<p>Una de las fake news que m\u00e1s ha alarmado a la poblaci\u00f3n estos d\u00edas y que se ha extendido como la p\u00f3lvora el supuesto <strong>paso repentino del estado de alarma al estado de excepci\u00f3n<\/strong>, a fecha del 24 de marzo del 2020. Esta \u201cnoticia\u201d se extendi\u00f3 a trav\u00e9s de un audio que probablemente la mayor\u00eda hemos recibido. En \u00e9l un hombre aseguraba que a partir del lunes o el martes se declarar\u00eda el estado de excepci\u00f3n, afirmando que el ej\u00e9rcito estar\u00eda en las calles y recomendaba abastecerse lo antes posible. Claro est\u00e1 que esto fue una exageraci\u00f3n desmesurada, e aqu\u00ed las razones. El Gobierno no tiene poder para declarar este estado de excepci\u00f3n, sino que debe ser aprobado por el Congreso, y es por esto que no pod\u00eda declararse repentinamente ese lunes. Adem\u00e1s, en el audio tambi\u00e9n dice que el estado de excepci\u00f3n durar\u00eda entre 40 y 50 d\u00edas pero, seg\u00fan el art\u00edculo 13 de esta Ley Org\u00e1nica, no puede exceder los 30 d\u00edas. Finalmente <strong>el Ministerio de Defensa desminti\u00f3 esta noticia<\/strong> confirmando que era un bulo.<\/p>\n\n\n\n<p>Como este han surgido estos d\u00edas cientos de bulos, favoreci\u00e9ndolo la susceptibilidad de la gente causada por el miedo al Covid-19. Es un momento dif\u00edcil y por ello hay que intentar no sembrar a\u00fan m\u00e1s el p\u00e1nico con estas fake news, y para ello debemos contribuir a evitar su expansi\u00f3n, como pas\u00f3 con la que he explicado anteriormente, verificando si los contenidos de la noticia son ciertos.<\/p>\n\n\n\n<p>Espero que esta peque\u00f1a entrada sirva para tranquilizar a quien la lea y si quieres informarte m\u00e1s la foto lleva el enlace de una p\u00e1gina que desarrolla m\u00e1s este tema. Est\u00e1 claro que saldremos de esto.<br><\/p>\n\n\n\n<figure class=\"wp-block-image size-large\"><a href=\"https:\/\/maldita.es\/malditobulo\/2020\/03\/24\/estado-excepcion-audio\/\"><img decoding=\"async\" src=\"https:\/\/maldita.es\/app\/uploads\/2020\/03\/PORTADA_ESTADO_EXCEPCION_2.jpg\" alt=\"\"\/><\/a><\/figure>\n","protected":false},"excerpt":{"rendered":"<p>Estos d\u00edas estamos viviendo una situaci\u00f3n fuera de lo com\u00fan a causa de la pandemia de coronavirus que nos ha afectado a nivel mundial. Todos estamos viviendo un momento dif\u00edcil&#8230; <a href=\"https:\/\/iesmgkorreas.com\/normaliza2024\/index.php\/2020\/04\/28\/coronavirus-y-el-estado-de-excepcion\/\">Continuar leyendo &#8230;  &raquo;<\/a><\/p>\n","protected":false},"author":109,"featured_media":0,"comment_status":"open","ping_status":"open","sticky":false,"template":"","format":"standard","meta":{"footnotes":""},"categories":[13],"tags":[51,37,52],"class_list":["post-1062","post","type-post","status-publish","format-standard","hentry","category-fisica-y-quimica","tag-1o-bachillerato","tag-cultura-cientifica","tag-sergio-munoz-ortega"],"_links":{"self":[{"href":"https:\/\/iesmgkorreas.com\/normaliza2024\/index.php\/wp-json\/wp\/v2\/posts\/1062","targetHints":{"allow":["GET"]}}],"collection":[{"href":"https:\/\/iesmgkorreas.com\/normaliza2024\/index.php\/wp-json\/wp\/v2\/posts"}],"about":[{"href":"https:\/\/iesmgkorreas.com\/normaliza2024\/index.php\/wp-json\/wp\/v2\/types\/post"}],"author":[{"embeddable":true,"href":"https:\/\/iesmgkorreas.com\/normaliza2024\/index.php\/wp-json\/wp\/v2\/users\/109"}],"replies":[{"embeddable":true,"href":"https:\/\/iesmgkorreas.com\/normaliza2024\/index.php\/wp-json\/wp\/v2\/comments?post=1062"}],"version-history":[{"count":3,"href":"https:\/\/iesmgkorreas.com\/normaliza2024\/index.php\/wp-json\/wp\/v2\/posts\/1062\/revisions"}],"predecessor-version":[{"id":1081,"href":"https:\/\/iesmgkorreas.com\/normaliza2024\/index.php\/wp-json\/wp\/v2\/posts\/1062\/revisions\/1081"}],"wp:attachment":[{"href":"https:\/\/iesmgkorreas.com\/normaliza2024\/index.php\/wp-json\/wp\/v2\/media?parent=1062"}],"wp:term":[{"taxonomy":"category","embeddable":true,"href":"https:\/\/iesmgkorreas.com\/normaliza2024\/index.php\/wp-json\/wp\/v2\/categories?post=1062"},{"taxonomy":"post_tag","embeddable":true,"href":"https:\/\/iesmgkorreas.com\/normaliza2024\/index.php\/wp-json\/wp\/v2\/tags?post=1062"}],"curies":[{"name":"wp","href":"https:\/\/api.w.org\/{rel}","templated":true}]}}