{"id":1035,"date":"2020-03-30T21:24:37","date_gmt":"2020-03-30T19:24:37","guid":{"rendered":"http:\/\/iesmgkorreas.com\/normamentira\/?p=1035"},"modified":"2020-04-28T21:43:32","modified_gmt":"2020-04-28T19:43:32","slug":"ha-sido-el-coronavirus-creado-en-un-laboratorio","status":"publish","type":"post","link":"https:\/\/iesmgkorreas.com\/normaliza2024\/index.php\/2020\/03\/30\/ha-sido-el-coronavirus-creado-en-un-laboratorio\/","title":{"rendered":"\u00bfHa sido el \u00abCoronavirus\u00bb creado en un laboratorio?"},"content":{"rendered":"\n<p class=\"has-normal-font-size BG\">El <em>\u00abcoronavirus\u00bb<\/em> a d\u00eda de hoy est\u00e1 causando numerosos incidentes en la poblaci\u00f3n mundial. Este hecho ha causado que surja una fracci\u00f3n de la poblaci\u00f3n que opina que el coronavirus ha sido creado en un laboratorio. Varios estudios han desmentido ya esta afirmaci\u00f3n, estos estudios aseguran que la mutaci\u00f3n a este virus se origin\u00f3 por procesos naturales, debido a un cambio en una porci\u00f3n de una prote\u00edna que adquiri\u00f3 para atacar eficazmente. A\u00fan con estos datos, a d\u00eda de hoy a\u00fan no se sabe cual puede ser la causa de este virus. Y t\u00fa, \u00bfC\u00f3mo crees que surgi\u00f3?<\/p>\n\n\n\n<figure class=\"wp-block-gallery columns-2 is-cropped wp-block-gallery-1 is-layout-flex wp-block-gallery-is-layout-flex\"><ul class=\"blocks-gallery-grid\"><li class=\"blocks-gallery-item\"><figure><img loading=\"lazy\" decoding=\"async\" width=\"1024\" height=\"481\" src=\"https:\/\/iesmgkorreas.com\/normaliza2024\/wp-content\/uploads\/2020\/03\/coronavirus-1-1024x481.jpeg\" alt=\"\" data-id=\"1046\" data-full-url=\"https:\/\/iesmgkorreas.com\/normaliza2024\/wp-content\/uploads\/2020\/03\/coronavirus-1.jpeg\" data-link=\"https:\/\/iesmgkorreas.com\/normaliza2024\/?attachment_id=1046\" class=\"wp-image-1046\" srcset=\"https:\/\/iesmgkorreas.com\/normaliza2024\/wp-content\/uploads\/2020\/03\/coronavirus-1-1024x481.jpeg 1024w, https:\/\/iesmgkorreas.com\/normaliza2024\/wp-content\/uploads\/2020\/03\/coronavirus-1-300x141.jpeg 300w, https:\/\/iesmgkorreas.com\/normaliza2024\/wp-content\/uploads\/2020\/03\/coronavirus-1-768x361.jpeg 768w, https:\/\/iesmgkorreas.com\/normaliza2024\/wp-content\/uploads\/2020\/03\/coronavirus-1-624x293.jpeg 624w, https:\/\/iesmgkorreas.com\/normaliza2024\/wp-content\/uploads\/2020\/03\/coronavirus-1.jpeg 1200w\" sizes=\"auto, (max-width: 1024px) 100vw, 1024px\" \/><\/figure><\/li><li class=\"blocks-gallery-item\"><figure><img loading=\"lazy\" decoding=\"async\" width=\"1000\" height=\"528\" src=\"https:\/\/iesmgkorreas.com\/normaliza2024\/wp-content\/uploads\/2020\/03\/coronavirus1-4.jpeg\" alt=\"\" data-id=\"1047\" data-full-url=\"https:\/\/iesmgkorreas.com\/normaliza2024\/wp-content\/uploads\/2020\/03\/coronavirus1-4.jpeg\" data-link=\"https:\/\/iesmgkorreas.com\/normaliza2024\/?attachment_id=1047\" class=\"wp-image-1047\" srcset=\"https:\/\/iesmgkorreas.com\/normaliza2024\/wp-content\/uploads\/2020\/03\/coronavirus1-4.jpeg 1000w, https:\/\/iesmgkorreas.com\/normaliza2024\/wp-content\/uploads\/2020\/03\/coronavirus1-4-300x158.jpeg 300w, https:\/\/iesmgkorreas.com\/normaliza2024\/wp-content\/uploads\/2020\/03\/coronavirus1-4-768x406.jpeg 768w, https:\/\/iesmgkorreas.com\/normaliza2024\/wp-content\/uploads\/2020\/03\/coronavirus1-4-624x329.jpeg 624w\" sizes=\"auto, (max-width: 1000px) 100vw, 1000px\" \/><\/figure><\/li><\/ul><\/figure>\n\n\n\n<p><\/p>\n","protected":false},"excerpt":{"rendered":"<p>El \u00abcoronavirus\u00bb a d\u00eda de hoy est\u00e1 causando numerosos incidentes en la poblaci\u00f3n mundial. Este hecho ha causado que surja una fracci\u00f3n de la poblaci\u00f3n que opina que el coronavirus&#8230; <a href=\"https:\/\/iesmgkorreas.com\/normaliza2024\/index.php\/2020\/03\/30\/ha-sido-el-coronavirus-creado-en-un-laboratorio\/\">Continuar leyendo &#8230;  &raquo;<\/a><\/p>\n","protected":false},"author":103,"featured_media":0,"comment_status":"open","ping_status":"open","sticky":false,"template":"","format":"standard","meta":{"footnotes":""},"categories":[13],"tags":[51,37,52],"class_list":["post-1035","post","type-post","status-publish","format-standard","hentry","category-fisica-y-quimica","tag-1o-bachillerato","tag-cultura-cientifica","tag-sergio-munoz-ortega"],"_links":{"self":[{"href":"https:\/\/iesmgkorreas.com\/normaliza2024\/index.php\/wp-json\/wp\/v2\/posts\/1035","targetHints":{"allow":["GET"]}}],"collection":[{"href":"https:\/\/iesmgkorreas.com\/normaliza2024\/index.php\/wp-json\/wp\/v2\/posts"}],"about":[{"href":"https:\/\/iesmgkorreas.com\/normaliza2024\/index.php\/wp-json\/wp\/v2\/types\/post"}],"author":[{"embeddable":true,"href":"https:\/\/iesmgkorreas.com\/normaliza2024\/index.php\/wp-json\/wp\/v2\/users\/103"}],"replies":[{"embeddable":true,"href":"https:\/\/iesmgkorreas.com\/normaliza2024\/index.php\/wp-json\/wp\/v2\/comments?post=1035"}],"version-history":[{"count":12,"href":"https:\/\/iesmgkorreas.com\/normaliza2024\/index.php\/wp-json\/wp\/v2\/posts\/1035\/revisions"}],"predecessor-version":[{"id":1079,"href":"https:\/\/iesmgkorreas.com\/normaliza2024\/index.php\/wp-json\/wp\/v2\/posts\/1035\/revisions\/1079"}],"wp:attachment":[{"href":"https:\/\/iesmgkorreas.com\/normaliza2024\/index.php\/wp-json\/wp\/v2\/media?parent=1035"}],"wp:term":[{"taxonomy":"category","embeddable":true,"href":"https:\/\/iesmgkorreas.com\/normaliza2024\/index.php\/wp-json\/wp\/v2\/categories?post=1035"},{"taxonomy":"post_tag","embeddable":true,"href":"https:\/\/iesmgkorreas.com\/normaliza2024\/index.php\/wp-json\/wp\/v2\/tags?post=1035"}],"curies":[{"name":"wp","href":"https:\/\/api.w.org\/{rel}","templated":true}]}}