{"id":564,"date":"2025-06-06T12:19:46","date_gmt":"2025-06-06T10:19:46","guid":{"rendered":"https:\/\/iesmgkorreas.com\/nativosdigitales2024\/?p=564"},"modified":"2025-06-06T12:19:47","modified_gmt":"2025-06-06T10:19:47","slug":"mujeres-y-musica-redes-activas","status":"publish","type":"post","link":"https:\/\/iesmgkorreas.com\/nativosdigitales2024\/?p=564","title":{"rendered":"Mujeres y M\u00fasica; redes activas"},"content":{"rendered":"<div class=\"entry\">\n\n\n<p>El alumnado de la asignatura de M\u00fasica de 4\u00ba de la ESO ha trabajado activamente en la investigaci\u00f3n, escucha y debate de los mensajes sexistas en las redes a trav\u00e9s de la m\u00fasica y la letra de las canciones actuales. Os dejamos en nuestro site el trabajo realizado a lo largo de todo el curso.<\/p>\n\n\n\n<p><a href=\"https:\/\/sites.google.com\/iesmgkorreas.com\/mujeres-y--musica-4\/inicio\">https:\/\/sites.google.com\/iesmgkorreas.com\/mujeres-y&#8211;musica-4\/inicio<\/a><\/p>\n\n\n\n<figure class=\"wp-block-gallery has-nested-images columns-default is-cropped wp-block-gallery-1 is-layout-flex wp-block-gallery-is-layout-flex\">\n<figure class=\"wp-block-image size-large\"><img loading=\"lazy\" decoding=\"async\" width=\"1024\" height=\"768\" data-id=\"565\" src=\"https:\/\/iesmgkorreas.com\/nativosdigitales2024\/wp-content\/uploads\/2025\/06\/IMG_20250605_090500-1024x768.jpg\" alt=\"\" class=\"wp-image-565\" srcset=\"https:\/\/iesmgkorreas.com\/nativosdigitales2024\/wp-content\/uploads\/2025\/06\/IMG_20250605_090500-1024x768.jpg 1024w, https:\/\/iesmgkorreas.com\/nativosdigitales2024\/wp-content\/uploads\/2025\/06\/IMG_20250605_090500-300x225.jpg 300w, https:\/\/iesmgkorreas.com\/nativosdigitales2024\/wp-content\/uploads\/2025\/06\/IMG_20250605_090500-768x576.jpg 768w, https:\/\/iesmgkorreas.com\/nativosdigitales2024\/wp-content\/uploads\/2025\/06\/IMG_20250605_090500-1536x1152.jpg 1536w, https:\/\/iesmgkorreas.com\/nativosdigitales2024\/wp-content\/uploads\/2025\/06\/IMG_20250605_090500-2048x1536.jpg 2048w\" sizes=\"auto, (max-width: 1024px) 100vw, 1024px\" \/><\/figure>\n<\/figure>\n\n\n<\/div>","protected":false},"excerpt":{"rendered":"<p>El alumnado de la asignatura de M\u00fasica de 4\u00ba de la ESO ha trabajado activamente en la investigaci\u00f3n, escucha y debate de los mensajes sexistas en las redes a trav\u00e9s de la m\u00fasica y la letra de las canciones actuales. Os dejamos en nuestro site el trabajo realizado a lo largo de todo el curso. &#8230;<\/p>\n","protected":false},"author":29,"featured_media":0,"comment_status":"open","ping_status":"open","sticky":false,"template":"","format":"standard","meta":{"footnotes":""},"categories":[4],"tags":[18,12,19,17],"class_list":{"0":"post-564","1":"post","2":"type-post","3":"status-publish","4":"format-standard","6":"category-alumcibe","7":"tag-18","8":"tag-cibermentores","9":"tag-cristina-a","10":"tag-foronativosdigitales","11":"anons"},"_links":{"self":[{"href":"https:\/\/iesmgkorreas.com\/nativosdigitales2024\/index.php?rest_route=\/wp\/v2\/posts\/564","targetHints":{"allow":["GET"]}}],"collection":[{"href":"https:\/\/iesmgkorreas.com\/nativosdigitales2024\/index.php?rest_route=\/wp\/v2\/posts"}],"about":[{"href":"https:\/\/iesmgkorreas.com\/nativosdigitales2024\/index.php?rest_route=\/wp\/v2\/types\/post"}],"author":[{"embeddable":true,"href":"https:\/\/iesmgkorreas.com\/nativosdigitales2024\/index.php?rest_route=\/wp\/v2\/users\/29"}],"replies":[{"embeddable":true,"href":"https:\/\/iesmgkorreas.com\/nativosdigitales2024\/index.php?rest_route=%2Fwp%2Fv2%2Fcomments&post=564"}],"version-history":[{"count":1,"href":"https:\/\/iesmgkorreas.com\/nativosdigitales2024\/index.php?rest_route=\/wp\/v2\/posts\/564\/revisions"}],"predecessor-version":[{"id":566,"href":"https:\/\/iesmgkorreas.com\/nativosdigitales2024\/index.php?rest_route=\/wp\/v2\/posts\/564\/revisions\/566"}],"wp:attachment":[{"href":"https:\/\/iesmgkorreas.com\/nativosdigitales2024\/index.php?rest_route=%2Fwp%2Fv2%2Fmedia&parent=564"}],"wp:term":[{"taxonomy":"category","embeddable":true,"href":"https:\/\/iesmgkorreas.com\/nativosdigitales2024\/index.php?rest_route=%2Fwp%2Fv2%2Fcategories&post=564"},{"taxonomy":"post_tag","embeddable":true,"href":"https:\/\/iesmgkorreas.com\/nativosdigitales2024\/index.php?rest_route=%2Fwp%2Fv2%2Ftags&post=564"}],"curies":[{"name":"wp","href":"https:\/\/api.w.org\/{rel}","templated":true}]}}