{"id":255,"date":"2019-05-15T20:55:31","date_gmt":"2019-05-15T20:55:31","guid":{"rendered":"http:\/\/iesmgkorreas.com\/nativosdigitales\/?p=255"},"modified":"2019-06-07T07:43:46","modified_gmt":"2019-06-07T07:43:46","slug":"violencia-de-genero-en-la-red","status":"publish","type":"post","link":"https:\/\/iesmgkorreas.com\/nativosdigitales2024\/?p=255","title":{"rendered":"Violencia de g\u00e9nero en la red. 4\u00baESO"},"content":{"rendered":"<div class=\"entry\">\n<p>Un grupo de alumnos de 4\u00baA han estado investigando sobre la violencia de g\u00e9nero en la red y han realizado una presentaci\u00f3nn donde han explicado qu\u00e9 es la violencia de g\u00e9nero, qu\u00e9 situaciones de acoso existen, c\u00f3mo se produce la violencia de g\u00e9nero en las redes sociales y c\u00f3mo se puede evitar este tipo de situaciones.<\/p>\n<p><img loading=\"lazy\" decoding=\"async\" class=\"alignnone size-medium wp-image-256\" src=\"https:\/\/iesmgkorreas.com\/nativosdigitales2024\/wp-content\/uploads\/2019\/05\/VIOLENCIA-DE-G\u00c9NERO-EN-LA-RED-300x169.jpg\" alt=\"\" width=\"300\" height=\"169\" srcset=\"https:\/\/iesmgkorreas.com\/nativosdigitales2024\/wp-content\/uploads\/2019\/05\/VIOLENCIA-DE-G\u00c9NERO-EN-LA-RED-300x169.jpg 300w, https:\/\/iesmgkorreas.com\/nativosdigitales2024\/wp-content\/uploads\/2019\/05\/VIOLENCIA-DE-G\u00c9NERO-EN-LA-RED-768x432.jpg 768w, https:\/\/iesmgkorreas.com\/nativosdigitales2024\/wp-content\/uploads\/2019\/05\/VIOLENCIA-DE-G\u00c9NERO-EN-LA-RED.jpg 960w\" sizes=\"auto, (max-width: 300px) 100vw, 300px\" \/><\/p>\n<iframe src=\"\/\/docs.google.com\/viewer?url=https%3A%2F%2Fiesmgkorreas.com%2Fnativosdigitales2024%2Fwp-content%2Fuploads%2F2019%2F05%2FVIOLENCIA-DE-G%C3%89NERO-EN-LA-RED-1.pdf&hl=es&embedded=true\" class=\"gde-frame\" style=\"width:100%; height:500px; border: none;\" scrolling=\"no\"><\/iframe>\n<p class=\"gde-text\"><a href=\"https:\/\/iesmgkorreas.com\/nativosdigitales2024\/wp-content\/uploads\/2019\/05\/VIOLENCIA-DE-G\u00c9NERO-EN-LA-RED-1.pdf\" class=\"gde-link\">Descargar (PDF, 553KB)<\/a><\/p>\n<\/div>\n","protected":false},"excerpt":{"rendered":"<p>Un grupo de alumnos de 4\u00baA han estado investigando sobre la violencia de g\u00e9nero en la red y han realizado una presentaci\u00f3nn donde han explicado qu\u00e9 es la violencia de g\u00e9nero, qu\u00e9 situaciones de acoso existen, c\u00f3mo se produce la violencia de g\u00e9nero en las redes sociales y c\u00f3mo se puede evitar este tipo de &#8230;<\/p>\n","protected":false},"author":4,"featured_media":0,"comment_status":"open","ping_status":"open","sticky":false,"template":"","format":"standard","meta":{"footnotes":""},"categories":[7,4],"tags":[],"class_list":{"0":"post-255","1":"post","2":"type-post","3":"status-publish","4":"format-standard","6":"category-actividades","7":"category-alumcibe","8":"anons"},"_links":{"self":[{"href":"https:\/\/iesmgkorreas.com\/nativosdigitales2024\/index.php?rest_route=\/wp\/v2\/posts\/255","targetHints":{"allow":["GET"]}}],"collection":[{"href":"https:\/\/iesmgkorreas.com\/nativosdigitales2024\/index.php?rest_route=\/wp\/v2\/posts"}],"about":[{"href":"https:\/\/iesmgkorreas.com\/nativosdigitales2024\/index.php?rest_route=\/wp\/v2\/types\/post"}],"author":[{"embeddable":true,"href":"https:\/\/iesmgkorreas.com\/nativosdigitales2024\/index.php?rest_route=\/wp\/v2\/users\/4"}],"replies":[{"embeddable":true,"href":"https:\/\/iesmgkorreas.com\/nativosdigitales2024\/index.php?rest_route=%2Fwp%2Fv2%2Fcomments&post=255"}],"version-history":[{"count":4,"href":"https:\/\/iesmgkorreas.com\/nativosdigitales2024\/index.php?rest_route=\/wp\/v2\/posts\/255\/revisions"}],"predecessor-version":[{"id":277,"href":"https:\/\/iesmgkorreas.com\/nativosdigitales2024\/index.php?rest_route=\/wp\/v2\/posts\/255\/revisions\/277"}],"wp:attachment":[{"href":"https:\/\/iesmgkorreas.com\/nativosdigitales2024\/index.php?rest_route=%2Fwp%2Fv2%2Fmedia&parent=255"}],"wp:term":[{"taxonomy":"category","embeddable":true,"href":"https:\/\/iesmgkorreas.com\/nativosdigitales2024\/index.php?rest_route=%2Fwp%2Fv2%2Fcategories&post=255"},{"taxonomy":"post_tag","embeddable":true,"href":"https:\/\/iesmgkorreas.com\/nativosdigitales2024\/index.php?rest_route=%2Fwp%2Fv2%2Ftags&post=255"}],"curies":[{"name":"wp","href":"https:\/\/api.w.org\/{rel}","templated":true}]}}