{"id":215,"date":"2019-05-12T10:07:50","date_gmt":"2019-05-12T10:07:50","guid":{"rendered":"http:\/\/iesmgkorreas.com\/nativosdigitales\/?p=215"},"modified":"2019-05-12T10:54:42","modified_gmt":"2019-05-12T10:54:42","slug":"cibermentores-3oa","status":"publish","type":"post","link":"https:\/\/iesmgkorreas.com\/nativosdigitales2024\/?p=215","title":{"rendered":"Cibermentores 3\u00baA"},"content":{"rendered":"<div class=\"entry\">\n<p>A lo largo del curso, un grupo de alumnos de 3\u00baA: Adri\u00e1n Alegre, Andr\u00e9s Bragado, Hugo Calle, Adri\u00e1n Herrero y Diego Serradilla han participado como Cibermentores en el Programa &#8220;Foro Nativos Digitales&#8221;.<\/p>\n<p><img loading=\"lazy\" decoding=\"async\" class=\"aligncenter wp-image-216 size-large\" src=\"https:\/\/iesmgkorreas.com\/nativosdigitales2024\/wp-content\/uploads\/2019\/05\/DSC09448-1024x768.jpg\" alt=\"\" width=\"1024\" height=\"768\" srcset=\"https:\/\/iesmgkorreas.com\/nativosdigitales2024\/wp-content\/uploads\/2019\/05\/DSC09448-1024x768.jpg 1024w, https:\/\/iesmgkorreas.com\/nativosdigitales2024\/wp-content\/uploads\/2019\/05\/DSC09448-300x225.jpg 300w, https:\/\/iesmgkorreas.com\/nativosdigitales2024\/wp-content\/uploads\/2019\/05\/DSC09448-768x576.jpg 768w\" sizes=\"auto, (max-width: 1024px) 100vw, 1024px\" \/><\/p>\n<p><img loading=\"lazy\" decoding=\"async\" class=\"aligncenter wp-image-217 size-large\" src=\"https:\/\/iesmgkorreas.com\/nativosdigitales2024\/wp-content\/uploads\/2019\/05\/DSC09451-1024x768.jpg\" alt=\"\" width=\"1024\" height=\"768\" srcset=\"https:\/\/iesmgkorreas.com\/nativosdigitales2024\/wp-content\/uploads\/2019\/05\/DSC09451-1024x768.jpg 1024w, https:\/\/iesmgkorreas.com\/nativosdigitales2024\/wp-content\/uploads\/2019\/05\/DSC09451-300x225.jpg 300w, https:\/\/iesmgkorreas.com\/nativosdigitales2024\/wp-content\/uploads\/2019\/05\/DSC09451-768x576.jpg 768w\" sizes=\"auto, (max-width: 1024px) 100vw, 1024px\" \/><\/p>\n<p>Como resultado, han elaborado una presentaci\u00f3n que expondr\u00e1n a sus compa\u00f1er@s de clase y de otros grupos del IES Maestro Gonzalo Korreas.<\/p>\n<p>El tema elegido es: <a href=\"https:\/\/view.genial.ly\/5c6416977a5d8d76230ee243\/interactive-content-etereotipos-sexuales\" target=\"_blank\" rel=\"noopener\"><strong>&#8220;Estereotipos y lenguaje sexista en la Red&#8221;<\/strong><\/a><\/p>\n<\/div>\n","protected":false},"excerpt":{"rendered":"<p>A lo largo del curso, un grupo de alumnos de 3\u00baA: Adri\u00e1n Alegre, Andr\u00e9s Bragado, Hugo Calle, Adri\u00e1n Herrero y Diego Serradilla han participado como Cibermentores en el Programa &#8220;Foro Nativos Digitales&#8221;. Como resultado, han elaborado una presentaci\u00f3n que expondr\u00e1n a sus compa\u00f1er@s de clase y de otros grupos del IES Maestro Gonzalo Korreas. El &#8230;<\/p>\n","protected":false},"author":6,"featured_media":0,"comment_status":"open","ping_status":"open","sticky":false,"template":"","format":"standard","meta":{"footnotes":""},"categories":[4,6],"tags":[],"class_list":{"0":"post-215","1":"post","2":"type-post","3":"status-publish","4":"format-standard","6":"category-alumcibe","7":"category-gene","8":"anons"},"_links":{"self":[{"href":"https:\/\/iesmgkorreas.com\/nativosdigitales2024\/index.php?rest_route=\/wp\/v2\/posts\/215","targetHints":{"allow":["GET"]}}],"collection":[{"href":"https:\/\/iesmgkorreas.com\/nativosdigitales2024\/index.php?rest_route=\/wp\/v2\/posts"}],"about":[{"href":"https:\/\/iesmgkorreas.com\/nativosdigitales2024\/index.php?rest_route=\/wp\/v2\/types\/post"}],"author":[{"embeddable":true,"href":"https:\/\/iesmgkorreas.com\/nativosdigitales2024\/index.php?rest_route=\/wp\/v2\/users\/6"}],"replies":[{"embeddable":true,"href":"https:\/\/iesmgkorreas.com\/nativosdigitales2024\/index.php?rest_route=%2Fwp%2Fv2%2Fcomments&post=215"}],"version-history":[{"count":9,"href":"https:\/\/iesmgkorreas.com\/nativosdigitales2024\/index.php?rest_route=\/wp\/v2\/posts\/215\/revisions"}],"predecessor-version":[{"id":235,"href":"https:\/\/iesmgkorreas.com\/nativosdigitales2024\/index.php?rest_route=\/wp\/v2\/posts\/215\/revisions\/235"}],"wp:attachment":[{"href":"https:\/\/iesmgkorreas.com\/nativosdigitales2024\/index.php?rest_route=%2Fwp%2Fv2%2Fmedia&parent=215"}],"wp:term":[{"taxonomy":"category","embeddable":true,"href":"https:\/\/iesmgkorreas.com\/nativosdigitales2024\/index.php?rest_route=%2Fwp%2Fv2%2Fcategories&post=215"},{"taxonomy":"post_tag","embeddable":true,"href":"https:\/\/iesmgkorreas.com\/nativosdigitales2024\/index.php?rest_route=%2Fwp%2Fv2%2Ftags&post=215"}],"curies":[{"name":"wp","href":"https:\/\/api.w.org\/{rel}","templated":true}]}}