{"id":158,"date":"2019-03-12T08:24:16","date_gmt":"2019-03-12T08:24:16","guid":{"rendered":"http:\/\/iesmgkorreas.com\/nativosdigitales\/?p=158"},"modified":"2019-03-12T08:24:16","modified_gmt":"2019-03-12T08:24:16","slug":"es-conveniente-vigilar-el-movil-de-nuestros-hijos","status":"publish","type":"post","link":"https:\/\/iesmgkorreas.com\/nativosdigitales2024\/?p=158","title":{"rendered":"\u00bfEs conveniente &#8220;vigilar&#8221; el m\u00f3vil de nuestros hijos?"},"content":{"rendered":"<div class=\"entry\">\n<p>\u00bfSabemos realmente qu\u00e9 hacen nuestros hijos con el m\u00f3vil? \u00bfEs necesario controlar y supervisar el contenido y el historial de navegaci\u00f3n? \u00bfPodemos confiar y pensar sin ninguna duda que hacen un uso adecuado del m\u00f3vil? Como padres y madres estamos en la obligaci\u00f3n y tenemos la responsabilidad de plantearnos estas y otras cuestiones relacionadas con el uso del m\u00f3vil, la navegaci\u00f3n por internet y uso del whatsapp. Hay dos cuestiones que no podemos obviar, y que se ponen de manifiesto en esta noticia que adjunto: Primero, que los peligros y riesgos del m\u00f3vil e internet son numerosos y reales, y segundo, que los padres y madres necesitamos formaci\u00f3n as\u00ed como tomar conciencia de que nuestro papel es muy importante y no debemos bajar la guardia.<\/p>\n<p><a href=\"https:\/\/www.abc.es\/tecnologia\/redes\/abci-padres-siendo-conscientes-necesidad-supervisar-actividad-digital-hijos-pero-mucho-camino-recorrer-201903120201_noticia.html\" target=\"_blank\" rel=\"noopener\">https:\/\/www.abc.es\/tecnologia\/redes\/abci-padres-siendo-conscientes-necesidad-supervisar-actividad-digital-hijos-pero-mucho-camino-recorrer-201903120201_noticia.html<\/a><\/p>\n<p>&nbsp;<\/p>\n<\/div>\n","protected":false},"excerpt":{"rendered":"<p>\u00bfSabemos realmente qu\u00e9 hacen nuestros hijos con el m\u00f3vil? \u00bfEs necesario controlar y supervisar el contenido y el historial de navegaci\u00f3n? \u00bfPodemos confiar y pensar sin ninguna duda que hacen un uso adecuado del m\u00f3vil? Como padres y madres estamos en la obligaci\u00f3n y tenemos la responsabilidad de plantearnos estas y otras cuestiones relacionadas con &#8230;<\/p>\n","protected":false},"author":2,"featured_media":0,"comment_status":"open","ping_status":"open","sticky":false,"template":"","format":"standard","meta":{"footnotes":""},"categories":[5,6],"tags":[],"class_list":{"0":"post-158","1":"post","2":"type-post","3":"status-publish","4":"format-standard","6":"category-actfam","7":"category-gene","8":"anons"},"_links":{"self":[{"href":"https:\/\/iesmgkorreas.com\/nativosdigitales2024\/index.php?rest_route=\/wp\/v2\/posts\/158","targetHints":{"allow":["GET"]}}],"collection":[{"href":"https:\/\/iesmgkorreas.com\/nativosdigitales2024\/index.php?rest_route=\/wp\/v2\/posts"}],"about":[{"href":"https:\/\/iesmgkorreas.com\/nativosdigitales2024\/index.php?rest_route=\/wp\/v2\/types\/post"}],"author":[{"embeddable":true,"href":"https:\/\/iesmgkorreas.com\/nativosdigitales2024\/index.php?rest_route=\/wp\/v2\/users\/2"}],"replies":[{"embeddable":true,"href":"https:\/\/iesmgkorreas.com\/nativosdigitales2024\/index.php?rest_route=%2Fwp%2Fv2%2Fcomments&post=158"}],"version-history":[{"count":5,"href":"https:\/\/iesmgkorreas.com\/nativosdigitales2024\/index.php?rest_route=\/wp\/v2\/posts\/158\/revisions"}],"predecessor-version":[{"id":163,"href":"https:\/\/iesmgkorreas.com\/nativosdigitales2024\/index.php?rest_route=\/wp\/v2\/posts\/158\/revisions\/163"}],"wp:attachment":[{"href":"https:\/\/iesmgkorreas.com\/nativosdigitales2024\/index.php?rest_route=%2Fwp%2Fv2%2Fmedia&parent=158"}],"wp:term":[{"taxonomy":"category","embeddable":true,"href":"https:\/\/iesmgkorreas.com\/nativosdigitales2024\/index.php?rest_route=%2Fwp%2Fv2%2Fcategories&post=158"},{"taxonomy":"post_tag","embeddable":true,"href":"https:\/\/iesmgkorreas.com\/nativosdigitales2024\/index.php?rest_route=%2Fwp%2Fv2%2Ftags&post=158"}],"curies":[{"name":"wp","href":"https:\/\/api.w.org\/{rel}","templated":true}]}}