{"id":148,"date":"2019-03-07T12:02:52","date_gmt":"2019-03-07T12:02:52","guid":{"rendered":"http:\/\/iesmgkorreas.com\/nativosdigitales\/?p=148"},"modified":"2019-03-07T12:02:52","modified_gmt":"2019-03-07T12:02:52","slug":"uso-de-las-redes-sociales","status":"publish","type":"post","link":"https:\/\/iesmgkorreas.com\/nativosdigitales2024\/?p=148","title":{"rendered":"Uso de las Redes sociales"},"content":{"rendered":"<div class=\"entry\">\n<p>Grupo 2. <em>(Daniel, Jaime, Jennifer, Luc\u00eda, Javier, Adri\u00e1n)<\/em><\/p>\n<p>A continuaci\u00f3n mostramos un gr\u00e1fico con el uso de las redes sociales en j\u00f3venes de entre 12 y 24 a\u00f1os.<\/p>\n<p><img loading=\"lazy\" decoding=\"async\" class=\"wp-image-149 aligncenter\" src=\"https:\/\/iesmgkorreas.com\/nativosdigitales2024\/wp-content\/uploads\/2019\/03\/redes-sociales-jovenes-encuesta-ciberacoso-1024x595-300x174.jpg\" alt=\"\" width=\"329\" height=\"191\" srcset=\"https:\/\/iesmgkorreas.com\/nativosdigitales2024\/wp-content\/uploads\/2019\/03\/redes-sociales-jovenes-encuesta-ciberacoso-1024x595-300x174.jpg 300w, https:\/\/iesmgkorreas.com\/nativosdigitales2024\/wp-content\/uploads\/2019\/03\/redes-sociales-jovenes-encuesta-ciberacoso-1024x595-768x446.jpg 768w, https:\/\/iesmgkorreas.com\/nativosdigitales2024\/wp-content\/uploads\/2019\/03\/redes-sociales-jovenes-encuesta-ciberacoso-1024x595.jpg 1024w\" sizes=\"auto, (max-width: 329px) 100vw, 329px\" \/><\/p>\n<\/div>\n","protected":false},"excerpt":{"rendered":"<p>Grupo 2. (Daniel, Jaime, Jennifer, Luc\u00eda, Javier, Adri\u00e1n) A continuaci\u00f3n mostramos un gr\u00e1fico con el uso de las redes sociales en j\u00f3venes de entre 12 y 24 a\u00f1os.<\/p>\n","protected":false},"author":5,"featured_media":0,"comment_status":"open","ping_status":"open","sticky":false,"template":"","format":"standard","meta":{"footnotes":""},"categories":[4],"tags":[],"class_list":{"0":"post-148","1":"post","2":"type-post","3":"status-publish","4":"format-standard","6":"category-alumcibe","7":"anons"},"_links":{"self":[{"href":"https:\/\/iesmgkorreas.com\/nativosdigitales2024\/index.php?rest_route=\/wp\/v2\/posts\/148","targetHints":{"allow":["GET"]}}],"collection":[{"href":"https:\/\/iesmgkorreas.com\/nativosdigitales2024\/index.php?rest_route=\/wp\/v2\/posts"}],"about":[{"href":"https:\/\/iesmgkorreas.com\/nativosdigitales2024\/index.php?rest_route=\/wp\/v2\/types\/post"}],"author":[{"embeddable":true,"href":"https:\/\/iesmgkorreas.com\/nativosdigitales2024\/index.php?rest_route=\/wp\/v2\/users\/5"}],"replies":[{"embeddable":true,"href":"https:\/\/iesmgkorreas.com\/nativosdigitales2024\/index.php?rest_route=%2Fwp%2Fv2%2Fcomments&post=148"}],"version-history":[{"count":1,"href":"https:\/\/iesmgkorreas.com\/nativosdigitales2024\/index.php?rest_route=\/wp\/v2\/posts\/148\/revisions"}],"predecessor-version":[{"id":150,"href":"https:\/\/iesmgkorreas.com\/nativosdigitales2024\/index.php?rest_route=\/wp\/v2\/posts\/148\/revisions\/150"}],"wp:attachment":[{"href":"https:\/\/iesmgkorreas.com\/nativosdigitales2024\/index.php?rest_route=%2Fwp%2Fv2%2Fmedia&parent=148"}],"wp:term":[{"taxonomy":"category","embeddable":true,"href":"https:\/\/iesmgkorreas.com\/nativosdigitales2024\/index.php?rest_route=%2Fwp%2Fv2%2Fcategories&post=148"},{"taxonomy":"post_tag","embeddable":true,"href":"https:\/\/iesmgkorreas.com\/nativosdigitales2024\/index.php?rest_route=%2Fwp%2Fv2%2Ftags&post=148"}],"curies":[{"name":"wp","href":"https:\/\/api.w.org\/{rel}","templated":true}]}}