{"id":71,"date":"2018-12-14T09:49:01","date_gmt":"2018-12-14T09:49:01","guid":{"rendered":"http:\/\/iesmgkorreas.com\/mujerinvisible\/?p=71"},"modified":"2019-05-23T09:04:30","modified_gmt":"2019-05-23T09:04:30","slug":"normas-generales-para-las-referencias-bibliograficas","status":"publish","type":"post","link":"https:\/\/iesmgkorreas.com\/mujerinvisible2024\/index.php\/2018\/12\/14\/normas-generales-para-las-referencias-bibliograficas\/","title":{"rendered":"Normas generales para las referencias bibliogr\u00e1ficas"},"content":{"rendered":"<p>El documento adjunto recoge las normas para citar y referenciar tanto material bibliogr\u00e1fico como p\u00e1ginas web. este documento es de enorme inter\u00e9s y utilidad para los colaboradores de la revista\u00a0 y para cualquier profesor o alumno que quiera referenciar obras con rigor.<\/p>\n<p>Para hacer referencia a obras que pueden constar en una bibliograf\u00eda, usaremos el sistema de <i>referencias bibliogr\u00e1ficas<\/i>. Estas referencias bibliogr\u00e1ficas deber\u00e1n ir al final de la revista y solo se incluir\u00e1n las citadas en el texto. Estar\u00e1n dispuestas alfab\u00e9ticamente por: apellido(s) del autor o primer autor en may\u00fasculas, nombre (o inicial). A continuaci\u00f3n, entre par\u00e9ntesis, el a\u00f1o de publicaci\u00f3n, t\u00edtulo de la obra en cursiva. Lugar y editorial:<\/p>\n<p>SECO, Manuel (1970): <i>Arniches y el habla de Madrid<\/i>, Madrid, Alfaguara.<\/p>\n<p>Cuando se consignen varias obras de un mismo autor, deben figurar en orden cronol\u00f3gico:<\/p>\n<p>ALVAR EZQUERRA, Manuel (1983<i>a<\/i>): <i>Lexicolog\u00eda y lexicograf\u00eda<\/i>, Salamanca, Almar.<\/p>\n<p>ALVAR EZQUERRA, Manuel (1983<i>b<\/i>): \u201cLexicograf\u00eda\u201d, en L\u00d3PEZ MORALES, Humberto (coord.): <i>Introducci\u00f3n a la ling\u00fc\u00edstica actual<\/i>, Madrid, Playor.<\/p>\n<p>Las alusiones a un autor dentro del texto ir\u00e1n seguidas por una referencia expl\u00edcita entre par\u00e9ntesis: primer apellido, a\u00f1o de publicaci\u00f3n, si hay m\u00e1s de una obra mencionada de dicho autor, y n\u00famero de p\u00e1gina(s):<\/p>\n<p>(Seco 1970, p. 56)<\/p>\n<p>(Alarcos Llorach, 1984: 105-109)<\/p>\n<p>&nbsp;<\/p>\n<ul>\n<li><b>\u00a0<\/b><\/li>\n<\/ul>\n<p>&nbsp;<\/p>\n<p>Para un <b>documento electr\u00f3nico<\/b>, deben incluirse los siguientes datos:<\/p>\n<p>Responsabilidad principal. <i>T\u00edtulo<\/i> [tipo de soporte] [direcci\u00f3n de la p\u00e1gina] [fecha de la consulta]<\/p>\n<p><i>Filosof\u00eda. <\/i>Wikipedia [<a href=\"https:\/\/es.wikipedia.org\/wiki\/Filosof%C3%ADa\">https:\/\/es.wikipedia.org\/wiki\/Filosof%C3%ADa<\/a>] [en l\u00ednea] [octubre 2018]<\/p>\n<p>Biblioteca Nacional (Espa\u00f1a). <i>Ariadna. <\/i>[en l\u00ednea]: <i>cat\u00e1logo automatizado de la Biblioteca Nacional<\/i>. [Madrid]: Biblioteca Nacional. <a href=\"telnet:\/\/ariadna.bne.es\/\">telnet:\/\/ariadna.bne.es<\/a>, login: \u2018bn\u2019 [Consulta: 15 nov. 2005].<\/p>\n<p>Pero, siendo pr\u00e1cticos, con hacer referencia a la entidad que edita la p\u00e1gina, aclarar que es [en l\u00ednea], crear un hiperenlace a la direcci\u00f3n en Internet, y la fecha de la consulta [octubre de 2018], ya hay medios de llegar a consultar la p\u00e1gina mencionada. De todos modos, se puede consultar tambi\u00e9n las siguientes direcciones:<\/p>\n<p>Universidad Carlos III: <a href=\"http:\/\/www.uc3m.es\/biblioteca\/GUIA\/citasbibliograficas.html\">http:\/\/www.uc3m.es\/biblioteca\/GUIA\/citasbibliograficas.html<\/a><\/p>\n<p><a href=\"http:\/\/www.ub.es\/biblio\/citae-e.htm\">http:\/\/www.ub.es\/biblio\/citae-e.htm<\/a><\/p>\n","protected":false},"excerpt":{"rendered":"<p>El documento adjunto recoge las normas para citar y referenciar tanto material bibliogr\u00e1fico como p\u00e1ginas web. este documento es de enorme inter\u00e9s y utilidad para los colaboradores de la revista\u00a0 y para cualquier profesor o alumno que quiera referenciar obras con rigor. Para hacer referencia a obras que pueden constar en una bibliograf\u00eda, usaremos el&hellip;<\/p>\n","protected":false},"author":2,"featured_media":0,"comment_status":"open","ping_status":"open","sticky":false,"template":"","format":"standard","meta":{"footnotes":""},"categories":[10],"tags":[28],"_links":{"self":[{"href":"https:\/\/iesmgkorreas.com\/mujerinvisible2024\/index.php\/wp-json\/wp\/v2\/posts\/71"}],"collection":[{"href":"https:\/\/iesmgkorreas.com\/mujerinvisible2024\/index.php\/wp-json\/wp\/v2\/posts"}],"about":[{"href":"https:\/\/iesmgkorreas.com\/mujerinvisible2024\/index.php\/wp-json\/wp\/v2\/types\/post"}],"author":[{"embeddable":true,"href":"https:\/\/iesmgkorreas.com\/mujerinvisible2024\/index.php\/wp-json\/wp\/v2\/users\/2"}],"replies":[{"embeddable":true,"href":"https:\/\/iesmgkorreas.com\/mujerinvisible2024\/index.php\/wp-json\/wp\/v2\/comments?post=71"}],"version-history":[{"count":1,"href":"https:\/\/iesmgkorreas.com\/mujerinvisible2024\/index.php\/wp-json\/wp\/v2\/posts\/71\/revisions"}],"predecessor-version":[{"id":72,"href":"https:\/\/iesmgkorreas.com\/mujerinvisible2024\/index.php\/wp-json\/wp\/v2\/posts\/71\/revisions\/72"}],"wp:attachment":[{"href":"https:\/\/iesmgkorreas.com\/mujerinvisible2024\/index.php\/wp-json\/wp\/v2\/media?parent=71"}],"wp:term":[{"taxonomy":"category","embeddable":true,"href":"https:\/\/iesmgkorreas.com\/mujerinvisible2024\/index.php\/wp-json\/wp\/v2\/categories?post=71"},{"taxonomy":"post_tag","embeddable":true,"href":"https:\/\/iesmgkorreas.com\/mujerinvisible2024\/index.php\/wp-json\/wp\/v2\/tags?post=71"}],"curies":[{"name":"wp","href":"https:\/\/api.w.org\/{rel}","templated":true}]}}