{"id":445,"date":"2019-04-03T07:02:27","date_gmt":"2019-04-03T07:02:27","guid":{"rendered":"http:\/\/iesmgkorreas.com\/mujerinvisible\/?p=445"},"modified":"2019-04-03T07:02:27","modified_gmt":"2019-04-03T07:02:27","slug":"en-que-andamos","status":"publish","type":"post","link":"https:\/\/iesmgkorreas.com\/mujerinvisible2024\/index.php\/2019\/04\/03\/en-que-andamos\/","title":{"rendered":"\u00bfEn qu\u00e9 andamos?"},"content":{"rendered":"<p><em>\u00bfQu\u00e9 nos hemos perdido?. Este es el primer pensamiento que nos viene a la cabeza. Leyendo, buscando, averiguando, indagando en la red aparecen nombres de mujeres compositoras a lo largo de la historia que no conocemos\u00a0 y de las que nunca hemos o\u00eddo hablar.\u00a0 \u00bfD\u00f3nde estaban?, \u00bfno han sido lo suficientemente buenas como para merecer su lugar en un texto o en una cita?. Ah\u00ed est\u00e1 el problema, de muchas ya no vamos a poder saberlo jam\u00e1s, de otras, las menos, nos llegan retazos de sus obras o sus vidas que nos permite intuir una genialidad nunca reconocida. La estructuraci\u00f3n social y cultural cambiante a lo largo de la historia, ha sustentado,\u00a0 parad\u00f3jicamente, una civilizaci\u00f3n desigual que, sin embargo, no ha variado. En la historia de la humanidad, el proceso de adquisici\u00f3n de derechos, siempre en conflicto, no se ha desarrollado de igual forma para hombres que para mujeres. El sistema patriarcal ha sometido a la mujer a un plano inferior y secundario neg\u00e1ndoles su estatus de ciudadanas de igual derecho que los hombres y de ah\u00ed que sus aportaciones a la sociedad no se hayan valorado ni dignificado. Y en este punto est\u00e1n nuestros alumnos, indagando en las vidas de mujeres olvidadas, lo que qued\u00f3 por el camino, lo que pudo haber sido&#8230; lo perdido en definitiva.<\/em><\/p>\n<p><em>Sorprende ver que ning\u00fan nombre de mujer aparece como compositora ni en el curr\u00edculo, ni en los textos ni en las referencias documentales que manejamos diariamente en nuestras clases. La atenci\u00f3n de los textos educativos est\u00e1 focalizada en los dos o tres grandes compositores de cada estilo y cuesta una barbaridad salir y abrir el campo de miras, esto es lo que hay que procurar cambiar. Para empezar, otorguemos un lugar a la mujer, para continuar, conced\u00e1mosle el derecho a ser escuchada, literal y musicalmente hablando, y, despu\u00e9s de esto, valoremos su aportaci\u00f3n desde la igualdad y sin cargas hist\u00f3ricas ni condicionantes por g\u00e9nero.<\/em><\/p>\n","protected":false},"excerpt":{"rendered":"<p>\u00bfQu\u00e9 nos hemos perdido?. Este es el primer pensamiento que nos viene a la cabeza. Leyendo, buscando, averiguando, indagando en la red aparecen nombres de mujeres compositoras a lo largo de la historia que no conocemos\u00a0 y de las que nunca hemos o\u00eddo hablar.\u00a0 \u00bfD\u00f3nde estaban?, \u00bfno han sido lo suficientemente buenas como para merecer&hellip;<\/p>\n","protected":false},"author":249,"featured_media":0,"comment_status":"open","ping_status":"open","sticky":false,"template":"","format":"standard","meta":{"footnotes":""},"categories":[6],"tags":[],"_links":{"self":[{"href":"https:\/\/iesmgkorreas.com\/mujerinvisible2024\/index.php\/wp-json\/wp\/v2\/posts\/445"}],"collection":[{"href":"https:\/\/iesmgkorreas.com\/mujerinvisible2024\/index.php\/wp-json\/wp\/v2\/posts"}],"about":[{"href":"https:\/\/iesmgkorreas.com\/mujerinvisible2024\/index.php\/wp-json\/wp\/v2\/types\/post"}],"author":[{"embeddable":true,"href":"https:\/\/iesmgkorreas.com\/mujerinvisible2024\/index.php\/wp-json\/wp\/v2\/users\/249"}],"replies":[{"embeddable":true,"href":"https:\/\/iesmgkorreas.com\/mujerinvisible2024\/index.php\/wp-json\/wp\/v2\/comments?post=445"}],"version-history":[{"count":3,"href":"https:\/\/iesmgkorreas.com\/mujerinvisible2024\/index.php\/wp-json\/wp\/v2\/posts\/445\/revisions"}],"predecessor-version":[{"id":617,"href":"https:\/\/iesmgkorreas.com\/mujerinvisible2024\/index.php\/wp-json\/wp\/v2\/posts\/445\/revisions\/617"}],"wp:attachment":[{"href":"https:\/\/iesmgkorreas.com\/mujerinvisible2024\/index.php\/wp-json\/wp\/v2\/media?parent=445"}],"wp:term":[{"taxonomy":"category","embeddable":true,"href":"https:\/\/iesmgkorreas.com\/mujerinvisible2024\/index.php\/wp-json\/wp\/v2\/categories?post=445"},{"taxonomy":"post_tag","embeddable":true,"href":"https:\/\/iesmgkorreas.com\/mujerinvisible2024\/index.php\/wp-json\/wp\/v2\/tags?post=445"}],"curies":[{"name":"wp","href":"https:\/\/api.w.org\/{rel}","templated":true}]}}