{"id":280,"date":"2019-02-25T11:25:36","date_gmt":"2019-02-25T11:25:36","guid":{"rendered":"http:\/\/iesmgkorreas.com\/mujerinvisible\/?p=280"},"modified":"2019-02-25T11:25:36","modified_gmt":"2019-02-25T11:25:36","slug":"os-recomendamos-una-lectura","status":"publish","type":"post","link":"https:\/\/iesmgkorreas.com\/mujerinvisible2024\/index.php\/2019\/02\/25\/os-recomendamos-una-lectura\/","title":{"rendered":"Os recomendamos una lectura&#8230;"},"content":{"rendered":"<p><a href=\"http:\/\/www.m-arteyculturavisual.com\/2015\/12\/08\/compositoras-en-la-historia-la-musica-del-silencio\/\">http:\/\/www.m-arteyculturavisual.com\/2015\/12\/08\/compositoras-en-la-historia-la-musica-del-silencio\/<\/a><\/p>\n<p>Un art\u00edculo interesante de Cristina M\u00aa Men\u00e9ndez ,escrito en la revista digital Arte y Cultura visual, en el que expone una panor\u00e1mica del papel de la mujer en la m\u00fasica a trav\u00e9s de la historia y como, poco a poco, vemos que se hacen esfuerzos para dar un lugar merecido y visible a todas las mujeres m\u00fasicas del pasado y de nuestro tiempo.<\/p>\n","protected":false},"excerpt":{"rendered":"<p>http:\/\/www.m-arteyculturavisual.com\/2015\/12\/08\/compositoras-en-la-historia-la-musica-del-silencio\/ Un art\u00edculo interesante de Cristina M\u00aa Men\u00e9ndez ,escrito en la revista digital Arte y Cultura visual, en el que expone una panor\u00e1mica del papel de la mujer en la m\u00fasica a trav\u00e9s de la historia y como, poco a poco, vemos que se hacen esfuerzos para dar un lugar merecido y visible a todas&hellip;<\/p>\n","protected":false},"author":249,"featured_media":0,"comment_status":"open","ping_status":"open","sticky":false,"template":"","format":"standard","meta":{"footnotes":""},"categories":[6],"tags":[13],"_links":{"self":[{"href":"https:\/\/iesmgkorreas.com\/mujerinvisible2024\/index.php\/wp-json\/wp\/v2\/posts\/280"}],"collection":[{"href":"https:\/\/iesmgkorreas.com\/mujerinvisible2024\/index.php\/wp-json\/wp\/v2\/posts"}],"about":[{"href":"https:\/\/iesmgkorreas.com\/mujerinvisible2024\/index.php\/wp-json\/wp\/v2\/types\/post"}],"author":[{"embeddable":true,"href":"https:\/\/iesmgkorreas.com\/mujerinvisible2024\/index.php\/wp-json\/wp\/v2\/users\/249"}],"replies":[{"embeddable":true,"href":"https:\/\/iesmgkorreas.com\/mujerinvisible2024\/index.php\/wp-json\/wp\/v2\/comments?post=280"}],"version-history":[{"count":4,"href":"https:\/\/iesmgkorreas.com\/mujerinvisible2024\/index.php\/wp-json\/wp\/v2\/posts\/280\/revisions"}],"predecessor-version":[{"id":284,"href":"https:\/\/iesmgkorreas.com\/mujerinvisible2024\/index.php\/wp-json\/wp\/v2\/posts\/280\/revisions\/284"}],"wp:attachment":[{"href":"https:\/\/iesmgkorreas.com\/mujerinvisible2024\/index.php\/wp-json\/wp\/v2\/media?parent=280"}],"wp:term":[{"taxonomy":"category","embeddable":true,"href":"https:\/\/iesmgkorreas.com\/mujerinvisible2024\/index.php\/wp-json\/wp\/v2\/categories?post=280"},{"taxonomy":"post_tag","embeddable":true,"href":"https:\/\/iesmgkorreas.com\/mujerinvisible2024\/index.php\/wp-json\/wp\/v2\/tags?post=280"}],"curies":[{"name":"wp","href":"https:\/\/api.w.org\/{rel}","templated":true}]}}