{"id":121,"date":"2019-01-11T09:50:41","date_gmt":"2019-01-11T09:50:41","guid":{"rendered":"http:\/\/iesmgkorreas.com\/mujerinvisible\/?p=121"},"modified":"2019-05-22T08:55:22","modified_gmt":"2019-05-22T08:55:22","slug":"nuestro-trabajo","status":"publish","type":"post","link":"https:\/\/iesmgkorreas.com\/mujerinvisible2024\/index.php\/2019\/01\/11\/nuestro-trabajo\/","title":{"rendered":"NUESTRO TRABAJO"},"content":{"rendered":"<p><iframe loading=\"lazy\" src=\"https:\/\/www.youtube.com\/embed\/HX9RyvD9L9o\" width=\"560\" height=\"315\" frameborder=\"0\" allowfullscreen=\"allowfullscreen\"><\/iframe><br \/>\nDesde la materia de filosof\u00eda estamos trabajando con los alumnos de 2\u00ba de Bachillerato en la investigaci\u00f3n sobre las siguientes figuras olvidadas de la historia del pensamiento: Aspas\u00eda de Mileto,\u00a0 Hipat\u00eda de Alejandr\u00eda, Mary Wollstonecraft, Simone de Beauvoir, Hanna Arendt, , Lou Andreas Salom\u00e9, Simone Weil, Christine de Piz\u00e1n; y figuras de la actualidad como Amelia Valc\u00e1rcel, Victoria Camps, Carol Gilligan y Judith Butler.<\/p>\n","protected":false},"excerpt":{"rendered":"<p>Desde la materia de filosof\u00eda estamos trabajando con los alumnos de 2\u00ba de Bachillerato en la investigaci\u00f3n sobre las siguientes figuras olvidadas de la historia del pensamiento: Aspas\u00eda de Mileto,\u00a0 Hipat\u00eda de Alejandr\u00eda, Mary Wollstonecraft, Simone de Beauvoir, Hanna Arendt, , Lou Andreas Salom\u00e9, Simone Weil, Christine de Piz\u00e1n; y figuras de la actualidad como&hellip;<\/p>\n","protected":false},"author":2,"featured_media":0,"comment_status":"open","ping_status":"open","sticky":false,"template":"","format":"standard","meta":{"footnotes":""},"categories":[4],"tags":[21,15],"_links":{"self":[{"href":"https:\/\/iesmgkorreas.com\/mujerinvisible2024\/index.php\/wp-json\/wp\/v2\/posts\/121"}],"collection":[{"href":"https:\/\/iesmgkorreas.com\/mujerinvisible2024\/index.php\/wp-json\/wp\/v2\/posts"}],"about":[{"href":"https:\/\/iesmgkorreas.com\/mujerinvisible2024\/index.php\/wp-json\/wp\/v2\/types\/post"}],"author":[{"embeddable":true,"href":"https:\/\/iesmgkorreas.com\/mujerinvisible2024\/index.php\/wp-json\/wp\/v2\/users\/2"}],"replies":[{"embeddable":true,"href":"https:\/\/iesmgkorreas.com\/mujerinvisible2024\/index.php\/wp-json\/wp\/v2\/comments?post=121"}],"version-history":[{"count":6,"href":"https:\/\/iesmgkorreas.com\/mujerinvisible2024\/index.php\/wp-json\/wp\/v2\/posts\/121\/revisions"}],"predecessor-version":[{"id":415,"href":"https:\/\/iesmgkorreas.com\/mujerinvisible2024\/index.php\/wp-json\/wp\/v2\/posts\/121\/revisions\/415"}],"wp:attachment":[{"href":"https:\/\/iesmgkorreas.com\/mujerinvisible2024\/index.php\/wp-json\/wp\/v2\/media?parent=121"}],"wp:term":[{"taxonomy":"category","embeddable":true,"href":"https:\/\/iesmgkorreas.com\/mujerinvisible2024\/index.php\/wp-json\/wp\/v2\/categories?post=121"},{"taxonomy":"post_tag","embeddable":true,"href":"https:\/\/iesmgkorreas.com\/mujerinvisible2024\/index.php\/wp-json\/wp\/v2\/tags?post=121"}],"curies":[{"name":"wp","href":"https:\/\/api.w.org\/{rel}","templated":true}]}}